{"id":1112,"date":"2026-03-26T18:28:30","date_gmt":"2026-03-26T17:28:30","guid":{"rendered":"https:\/\/xiqioracing.sk\/?p=1112"},"modified":"2026-03-26T18:28:31","modified_gmt":"2026-03-26T17:28:31","slug":"xiqio-racing-startuje-sezonu-na-32-veszprem-rally-2026","status":"publish","type":"post","link":"https:\/\/xiqioracing.sk\/en\/xiqio-racing-startuje-sezonu-na-32-veszprem-rally-2026\/","title":{"rendered":"XIQIO Racing \u0161tartuje sez\u00f3nu na 32. Veszpr\u00e9m Rally 2026"},"content":{"rendered":"<p>Po viacer\u00fdch mesiacoch pauzy sa op\u00e4\u0165 rozbieha aj slovensk\u00fd XIQIO Racing Team so svojimi vozidlami \u0160koda Fabia RS Rally2. Prv\u00e9 tohtoro\u010dn\u00e9 predstavenie \u010dak\u00e1 t\u00edm na 32. Veszpr\u00e9m Rally 2026.<br><br>Na \u0161tarte spom\u00ednanej s\u00fa\u0165a\u017ee zaradenej do seri\u00e1lov FIA Central European Zone a&nbsp;ma\u010farsk\u00e9ho rally \u0161ampion\u00e1tu sa predstav\u00ed ve\u013emi siln\u00e1 konkurencia s\u00fa\u0165a\u017en\u00fdch pos\u00e1dok. Samozrejme hovor\u00edme o&nbsp;absol\u00fatnej \u0161pi\u010dke jazdiacej na vozidl\u00e1ch najnov\u0161ej \u0161pecifik\u00e1cie. Popri men\u00e1ch ako Manfred Stohl, R\u00f3bet B\u00fator, \u010di J\u00e1nos T\u00f3th sa na \u0161tart postav\u00ed aj J\u00f3zsef Trencs\u00e9nyi so \u0160kodou Fabia RS Rally2 z&nbsp;dieln\u00ed slovensk\u00e9ho XIQIO Racing Teamu.<br><br><em>\u201eSom r\u00e1d, \u017ee zimn\u00e1 prest\u00e1vka u\u017e kon\u010d\u00ed a&nbsp;XIQIO Racing Team op\u00e4\u0165 vyraz\u00ed na rally s\u00fa\u0165a\u017ee. Veszpr\u00e9m Rally je prvou z&nbsp;nich a&nbsp;n\u00e1sledne bud\u00fa nasledova\u0165 \u010fal\u0161ie a&nbsp;\u010fal\u0161ie. Aut\u00e1 m\u00e1me pripraven\u00e9 na akciu a&nbsp;ver\u00edm, \u017ee aj s\u00fa\u0165a\u017en\u00e9 pos\u00e1dky bud\u00fa poriadne pripraven\u00e9,\u201c <\/em>povedal \u00favodom Mari\u00e1n Mi\u010d\u00e1k, \u0161\u00e9f XIQIO Racing Teamu.<br><br>S\u00fa\u0165a\u017en\u00e9 pos\u00e1dky, ktor\u00e9 sa na \u0161tart 32. Veszpr\u00e9m Rally 2026 postavia, \u010dak\u00e1 dvojetapov\u00e1 \u0161otolinov\u00e1 s\u00fa\u0165a\u017e v&nbsp;r\u00e1mci ktorej, ak chc\u00fa uspie\u0165, bud\u00fa musie\u0165 absolvova\u0165 dvan\u00e1s\u0165 r\u00fdchlostn\u00fdch sk\u00fa\u0161ok v&nbsp;s\u00fahrnnej d\u013a\u017eke takmer stotridsa\u0165tri kilometrov. Tieto meran\u00e9 \u00faseky bud\u00fa rozdelen\u00e9 do dvoch s\u00fa\u0165a\u017en\u00fdch dn\u00ed presne na polovicu, \u010di\u017ee v&nbsp;sobotu (28.3.2026) ich bude \u0161es\u0165 a&nbsp;v&nbsp;nede\u013eu (29.3.2026) ostatn\u00fdch \u0161es\u0165. \u0160tart s\u00fa\u0165a\u017ee je napl\u00e1novan\u00fd na sobotu od 11:00 hodiny a&nbsp;cie\u013e na nede\u013eu od 16 hodiny a&nbsp;48 min\u00faty.<br><br>O tom ako sa darilo \u0160kode Fabia RS Rally2 slovensk\u00e9ho XIQIO Racing Teamu a&nbsp;s\u00fa\u0165a\u017enej pos\u00e1dke J\u00f3zsef Trencs\u00e9nyi \u2013 G\u00e1bor Verba v\u00e1s budeme informova\u0165 po dojazde do cie\u013ea.<br><br>Miro Majl\u00e1th<\/p>","protected":false},"excerpt":{"rendered":"<p>Po viacer\u00fdch mesiacoch pauzy sa op\u00e4\u0165 rozbieha aj slovensk\u00fd XIQIO Racing Team so svojimi vozidlami \u0160koda Fabia RS Rally2. Prv\u00e9 [&hellip;]<\/p>","protected":false},"author":1,"featured_media":1113,"comment_status":"open","ping_status":"open","sticky":false,"template":"","format":"standard","meta":{"site-sidebar-layout":"default","site-content-layout":"","ast-site-content-layout":"","site-content-style":"default","site-sidebar-style":"default","ast-global-header-display":"","ast-banner-title-visibility":"","ast-main-header-display":"","ast-hfb-above-header-display":"","ast-hfb-below-header-display":"","ast-hfb-mobile-header-display":"","site-post-title":"","ast-breadcrumbs-content":"","ast-featured-img":"","footer-sml-layout":"","theme-transparent-header-meta":"","adv-header-id-meta":"","stick-header-meta":"","header-above-stick-meta":"","header-main-stick-meta":"","header-below-stick-meta":"","astra-migrate-meta-layouts":"default","ast-page-background-enabled":"default","ast-page-background-meta":{"desktop":{"background-color":"var(--ast-global-color-4)","background-image":"","background-repeat":"repeat","background-position":"center center","background-size":"auto","background-attachment":"scroll","background-type":"","background-media":"","overlay-type":"","overlay-color":"","overlay-gradient":""},"tablet":{"background-color":"","background-image":"","background-repeat":"repeat","background-position":"center center","background-size":"auto","background-attachment":"scroll","background-type":"","background-media":"","overlay-type":"","overlay-color":"","overlay-gradient":""},"mobile":{"background-color":"","background-image":"","background-repeat":"repeat","background-position":"center center","background-size":"auto","background-attachment":"scroll","background-type":"","background-media":"","overlay-type":"","overlay-color":"","overlay-gradient":""}},"ast-content-background-meta":{"desktop":{"background-color":"var(--ast-global-color-5)","background-image":"","background-repeat":"repeat","background-position":"center center","background-size":"auto","background-attachment":"scroll","background-type":"","background-media":"","overlay-type":"","overlay-color":"","overlay-gradient":""},"tablet":{"background-color":"var(--ast-global-color-5)","background-image":"","background-repeat":"repeat","background-position":"center center","background-size":"auto","background-attachment":"scroll","background-type":"","background-media":"","overlay-type":"","overlay-color":"","overlay-gradient":""},"mobile":{"background-color":"var(--ast-global-color-5)","background-image":"","background-repeat":"repeat","background-position":"center center","background-size":"auto","background-attachment":"scroll","background-type":"","background-media":"","overlay-type":"","overlay-color":"","overlay-gradient":""}},"footnotes":""},"categories":[1],"tags":[],"class_list":["post-1112","post","type-post","status-publish","format-standard","has-post-thumbnail","hentry","category-uncategorized"],"yoast_head":"<!-- This site is optimized with the Yoast SEO plugin v22.1 - https:\/\/yoast.com\/wordpress\/plugins\/seo\/ -->\n<title>XIQIO Racing \u0161tartuje sez\u00f3nu na 32. Veszpr\u00e9m Rally 2026 - XIQIO Racing<\/title>\n<meta name=\"robots\" content=\"index, follow, max-snippet:-1, max-image-preview:large, max-video-preview:-1\" \/>\n<link rel=\"canonical\" href=\"https:\/\/xiqioracing.sk\/en\/xiqio-racing-startuje-sezonu-na-32-veszprem-rally-2026\/\" \/>\n<meta property=\"og:locale\" content=\"en_US\" \/>\n<meta property=\"og:type\" content=\"article\" \/>\n<meta property=\"og:title\" content=\"XIQIO Racing \u0161tartuje sez\u00f3nu na 32. Veszpr\u00e9m Rally 2026 - XIQIO Racing\" \/>\n<meta property=\"og:description\" content=\"Po viacer\u00fdch mesiacoch pauzy sa op\u00e4\u0165 rozbieha aj slovensk\u00fd XIQIO Racing Team so svojimi vozidlami \u0160koda Fabia RS Rally2. Prv\u00e9 [&hellip;]\" \/>\n<meta property=\"og:url\" content=\"https:\/\/xiqioracing.sk\/en\/xiqio-racing-startuje-sezonu-na-32-veszprem-rally-2026\/\" \/>\n<meta property=\"og:site_name\" content=\"XIQIO Racing\" \/>\n<meta property=\"article:published_time\" content=\"2026-03-26T17:28:30+00:00\" \/>\n<meta property=\"article:modified_time\" content=\"2026-03-26T17:28:31+00:00\" \/>\n<meta property=\"og:image\" content=\"https:\/\/xiqioracing.sk\/wp-content\/uploads\/2026\/03\/2ca974ca.jpg\" \/>\n\t<meta property=\"og:image:width\" content=\"2048\" \/>\n\t<meta property=\"og:image:height\" content=\"1366\" \/>\n\t<meta property=\"og:image:type\" content=\"image\/jpeg\" \/>\n<meta name=\"author\" content=\"mmajlath\" \/>\n<meta name=\"twitter:card\" content=\"summary_large_image\" \/>\n<meta name=\"twitter:label1\" content=\"Written by\" \/>\n\t<meta name=\"twitter:data1\" content=\"mmajlath\" \/>\n\t<meta name=\"twitter:label2\" content=\"Est. reading time\" \/>\n\t<meta name=\"twitter:data2\" content=\"2 minutes\" \/>\n<script type=\"application\/ld+json\" class=\"yoast-schema-graph\">{\"@context\":\"https:\/\/schema.org\",\"@graph\":[{\"@type\":\"Article\",\"@id\":\"https:\/\/xiqioracing.sk\/xiqio-racing-startuje-sezonu-na-32-veszprem-rally-2026\/#article\",\"isPartOf\":{\"@id\":\"https:\/\/xiqioracing.sk\/xiqio-racing-startuje-sezonu-na-32-veszprem-rally-2026\/\"},\"author\":{\"name\":\"mmajlath\",\"@id\":\"https:\/\/xiqioracing.sk\/en\/#\/schema\/person\/f09b7fb258cf45e7f3a13cfb604ced0c\"},\"headline\":\"XIQIO Racing \u0161tartuje sez\u00f3nu na 32. Veszpr\u00e9m Rally 2026\",\"datePublished\":\"2026-03-26T17:28:30+00:00\",\"dateModified\":\"2026-03-26T17:28:31+00:00\",\"mainEntityOfPage\":{\"@id\":\"https:\/\/xiqioracing.sk\/xiqio-racing-startuje-sezonu-na-32-veszprem-rally-2026\/\"},\"wordCount\":341,\"commentCount\":0,\"publisher\":{\"@id\":\"https:\/\/xiqioracing.sk\/en\/#organization\"},\"inLanguage\":\"en-US\",\"potentialAction\":[{\"@type\":\"CommentAction\",\"name\":\"Comment\",\"target\":[\"https:\/\/xiqioracing.sk\/xiqio-racing-startuje-sezonu-na-32-veszprem-rally-2026\/#respond\"]}]},{\"@type\":\"WebPage\",\"@id\":\"https:\/\/xiqioracing.sk\/xiqio-racing-startuje-sezonu-na-32-veszprem-rally-2026\/\",\"url\":\"https:\/\/xiqioracing.sk\/xiqio-racing-startuje-sezonu-na-32-veszprem-rally-2026\/\",\"name\":\"XIQIO Racing \u0161tartuje sez\u00f3nu na 32. Veszpr\u00e9m Rally 2026 - XIQIO Racing\",\"isPartOf\":{\"@id\":\"https:\/\/xiqioracing.sk\/en\/#website\"},\"datePublished\":\"2026-03-26T17:28:30+00:00\",\"dateModified\":\"2026-03-26T17:28:31+00:00\",\"breadcrumb\":{\"@id\":\"https:\/\/xiqioracing.sk\/xiqio-racing-startuje-sezonu-na-32-veszprem-rally-2026\/#breadcrumb\"},\"inLanguage\":\"en-US\",\"potentialAction\":[{\"@type\":\"ReadAction\",\"target\":[\"https:\/\/xiqioracing.sk\/xiqio-racing-startuje-sezonu-na-32-veszprem-rally-2026\/\"]}]},{\"@type\":\"BreadcrumbList\",\"@id\":\"https:\/\/xiqioracing.sk\/xiqio-racing-startuje-sezonu-na-32-veszprem-rally-2026\/#breadcrumb\",\"itemListElement\":[{\"@type\":\"ListItem\",\"position\":1,\"name\":\"Domovsk\u00e1 str\u00e1nka\",\"item\":\"https:\/\/xiqioracing.sk\/en\/\"},{\"@type\":\"ListItem\",\"position\":2,\"name\":\"XIQIO Racing \u0161tartuje sez\u00f3nu na 32. Veszpr\u00e9m Rally 2026\"}]},{\"@type\":\"WebSite\",\"@id\":\"https:\/\/xiqioracing.sk\/en\/#website\",\"url\":\"https:\/\/xiqioracing.sk\/en\/\",\"name\":\"XIQIO Racing\",\"description\":\"\",\"publisher\":{\"@id\":\"https:\/\/xiqioracing.sk\/en\/#organization\"},\"potentialAction\":[{\"@type\":\"SearchAction\",\"target\":{\"@type\":\"EntryPoint\",\"urlTemplate\":\"https:\/\/xiqioracing.sk\/en\/?s={search_term_string}\"},\"query-input\":\"required name=search_term_string\"}],\"inLanguage\":\"en-US\"},{\"@type\":\"Organization\",\"@id\":\"https:\/\/xiqioracing.sk\/en\/#organization\",\"name\":\"XIQIO Racing\",\"url\":\"https:\/\/xiqioracing.sk\/en\/\",\"logo\":{\"@type\":\"ImageObject\",\"inLanguage\":\"en-US\",\"@id\":\"https:\/\/xiqioracing.sk\/en\/#\/schema\/logo\/image\/\",\"url\":\"https:\/\/xiqioracing.sk\/wp-content\/uploads\/2024\/02\/cropped-logo_x.png\",\"contentUrl\":\"https:\/\/xiqioracing.sk\/wp-content\/uploads\/2024\/02\/cropped-logo_x.png\",\"width\":450,\"height\":150,\"caption\":\"XIQIO Racing\"},\"image\":{\"@id\":\"https:\/\/xiqioracing.sk\/en\/#\/schema\/logo\/image\/\"}},{\"@type\":\"Person\",\"@id\":\"https:\/\/xiqioracing.sk\/en\/#\/schema\/person\/f09b7fb258cf45e7f3a13cfb604ced0c\",\"name\":\"mmajlath\",\"image\":{\"@type\":\"ImageObject\",\"inLanguage\":\"en-US\",\"@id\":\"https:\/\/xiqioracing.sk\/en\/#\/schema\/person\/image\/\",\"url\":\"https:\/\/secure.gravatar.com\/avatar\/277450cf2ad3e1bfb3161e04cabacf85b0b66fc6054c75b2245252fea3ee4456?s=96&d=mm&r=g\",\"contentUrl\":\"https:\/\/secure.gravatar.com\/avatar\/277450cf2ad3e1bfb3161e04cabacf85b0b66fc6054c75b2245252fea3ee4456?s=96&d=mm&r=g\",\"caption\":\"mmajlath\"},\"sameAs\":[\"https:\/\/xiqioracing.sk\"],\"url\":\"https:\/\/xiqioracing.sk\/en\/author\/mmajlath\/\"}]}<\/script>\n<!-- \/ Yoast SEO plugin. -->","yoast_head_json":{"title":"XIQIO Racing \u0161tartuje sez\u00f3nu na 32. Veszpr\u00e9m Rally 2026 - XIQIO Racing","robots":{"index":"index","follow":"follow","max-snippet":"max-snippet:-1","max-image-preview":"max-image-preview:large","max-video-preview":"max-video-preview:-1"},"canonical":"https:\/\/xiqioracing.sk\/en\/xiqio-racing-startuje-sezonu-na-32-veszprem-rally-2026\/","og_locale":"en_US","og_type":"article","og_title":"XIQIO Racing \u0161tartuje sez\u00f3nu na 32. Veszpr\u00e9m Rally 2026 - XIQIO Racing","og_description":"Po viacer\u00fdch mesiacoch pauzy sa op\u00e4\u0165 rozbieha aj slovensk\u00fd XIQIO Racing Team so svojimi vozidlami \u0160koda Fabia RS Rally2. Prv\u00e9 [&hellip;]","og_url":"https:\/\/xiqioracing.sk\/en\/xiqio-racing-startuje-sezonu-na-32-veszprem-rally-2026\/","og_site_name":"XIQIO Racing","article_published_time":"2026-03-26T17:28:30+00:00","article_modified_time":"2026-03-26T17:28:31+00:00","og_image":[{"width":2048,"height":1366,"url":"https:\/\/xiqioracing.sk\/wp-content\/uploads\/2026\/03\/2ca974ca.jpg","type":"image\/jpeg"}],"author":"mmajlath","twitter_card":"summary_large_image","twitter_misc":{"Written by":"mmajlath","Est. reading time":"2 minutes"},"schema":{"@context":"https:\/\/schema.org","@graph":[{"@type":"Article","@id":"https:\/\/xiqioracing.sk\/xiqio-racing-startuje-sezonu-na-32-veszprem-rally-2026\/#article","isPartOf":{"@id":"https:\/\/xiqioracing.sk\/xiqio-racing-startuje-sezonu-na-32-veszprem-rally-2026\/"},"author":{"name":"mmajlath","@id":"https:\/\/xiqioracing.sk\/en\/#\/schema\/person\/f09b7fb258cf45e7f3a13cfb604ced0c"},"headline":"XIQIO Racing \u0161tartuje sez\u00f3nu na 32. Veszpr\u00e9m Rally 2026","datePublished":"2026-03-26T17:28:30+00:00","dateModified":"2026-03-26T17:28:31+00:00","mainEntityOfPage":{"@id":"https:\/\/xiqioracing.sk\/xiqio-racing-startuje-sezonu-na-32-veszprem-rally-2026\/"},"wordCount":341,"commentCount":0,"publisher":{"@id":"https:\/\/xiqioracing.sk\/en\/#organization"},"inLanguage":"en-US","potentialAction":[{"@type":"CommentAction","name":"Comment","target":["https:\/\/xiqioracing.sk\/xiqio-racing-startuje-sezonu-na-32-veszprem-rally-2026\/#respond"]}]},{"@type":"WebPage","@id":"https:\/\/xiqioracing.sk\/xiqio-racing-startuje-sezonu-na-32-veszprem-rally-2026\/","url":"https:\/\/xiqioracing.sk\/xiqio-racing-startuje-sezonu-na-32-veszprem-rally-2026\/","name":"XIQIO Racing \u0161tartuje sez\u00f3nu na 32. Veszpr\u00e9m Rally 2026 - XIQIO Racing","isPartOf":{"@id":"https:\/\/xiqioracing.sk\/en\/#website"},"datePublished":"2026-03-26T17:28:30+00:00","dateModified":"2026-03-26T17:28:31+00:00","breadcrumb":{"@id":"https:\/\/xiqioracing.sk\/xiqio-racing-startuje-sezonu-na-32-veszprem-rally-2026\/#breadcrumb"},"inLanguage":"en-US","potentialAction":[{"@type":"ReadAction","target":["https:\/\/xiqioracing.sk\/xiqio-racing-startuje-sezonu-na-32-veszprem-rally-2026\/"]}]},{"@type":"BreadcrumbList","@id":"https:\/\/xiqioracing.sk\/xiqio-racing-startuje-sezonu-na-32-veszprem-rally-2026\/#breadcrumb","itemListElement":[{"@type":"ListItem","position":1,"name":"Domovsk\u00e1 str\u00e1nka","item":"https:\/\/xiqioracing.sk\/en\/"},{"@type":"ListItem","position":2,"name":"XIQIO Racing \u0161tartuje sez\u00f3nu na 32. Veszpr\u00e9m Rally 2026"}]},{"@type":"WebSite","@id":"https:\/\/xiqioracing.sk\/en\/#website","url":"https:\/\/xiqioracing.sk\/en\/","name":"XIQIO Racing","description":"","publisher":{"@id":"https:\/\/xiqioracing.sk\/en\/#organization"},"potentialAction":[{"@type":"SearchAction","target":{"@type":"EntryPoint","urlTemplate":"https:\/\/xiqioracing.sk\/en\/?s={search_term_string}"},"query-input":"required name=search_term_string"}],"inLanguage":"en-US"},{"@type":"Organization","@id":"https:\/\/xiqioracing.sk\/en\/#organization","name":"XIQIO Racing","url":"https:\/\/xiqioracing.sk\/en\/","logo":{"@type":"ImageObject","inLanguage":"en-US","@id":"https:\/\/xiqioracing.sk\/en\/#\/schema\/logo\/image\/","url":"https:\/\/xiqioracing.sk\/wp-content\/uploads\/2024\/02\/cropped-logo_x.png","contentUrl":"https:\/\/xiqioracing.sk\/wp-content\/uploads\/2024\/02\/cropped-logo_x.png","width":450,"height":150,"caption":"XIQIO Racing"},"image":{"@id":"https:\/\/xiqioracing.sk\/en\/#\/schema\/logo\/image\/"}},{"@type":"Person","@id":"https:\/\/xiqioracing.sk\/en\/#\/schema\/person\/f09b7fb258cf45e7f3a13cfb604ced0c","name":"mmajlath","image":{"@type":"ImageObject","inLanguage":"en-US","@id":"https:\/\/xiqioracing.sk\/en\/#\/schema\/person\/image\/","url":"https:\/\/secure.gravatar.com\/avatar\/277450cf2ad3e1bfb3161e04cabacf85b0b66fc6054c75b2245252fea3ee4456?s=96&d=mm&r=g","contentUrl":"https:\/\/secure.gravatar.com\/avatar\/277450cf2ad3e1bfb3161e04cabacf85b0b66fc6054c75b2245252fea3ee4456?s=96&d=mm&r=g","caption":"mmajlath"},"sameAs":["https:\/\/xiqioracing.sk"],"url":"https:\/\/xiqioracing.sk\/en\/author\/mmajlath\/"}]}},"_links":{"self":[{"href":"https:\/\/xiqioracing.sk\/en\/wp-json\/wp\/v2\/posts\/1112","targetHints":{"allow":["GET"]}}],"collection":[{"href":"https:\/\/xiqioracing.sk\/en\/wp-json\/wp\/v2\/posts"}],"about":[{"href":"https:\/\/xiqioracing.sk\/en\/wp-json\/wp\/v2\/types\/post"}],"author":[{"embeddable":true,"href":"https:\/\/xiqioracing.sk\/en\/wp-json\/wp\/v2\/users\/1"}],"replies":[{"embeddable":true,"href":"https:\/\/xiqioracing.sk\/en\/wp-json\/wp\/v2\/comments?post=1112"}],"version-history":[{"count":1,"href":"https:\/\/xiqioracing.sk\/en\/wp-json\/wp\/v2\/posts\/1112\/revisions"}],"predecessor-version":[{"id":1114,"href":"https:\/\/xiqioracing.sk\/en\/wp-json\/wp\/v2\/posts\/1112\/revisions\/1114"}],"wp:featuredmedia":[{"embeddable":true,"href":"https:\/\/xiqioracing.sk\/en\/wp-json\/wp\/v2\/media\/1113"}],"wp:attachment":[{"href":"https:\/\/xiqioracing.sk\/en\/wp-json\/wp\/v2\/media?parent=1112"}],"wp:term":[{"taxonomy":"category","embeddable":true,"href":"https:\/\/xiqioracing.sk\/en\/wp-json\/wp\/v2\/categories?post=1112"},{"taxonomy":"post_tag","embeddable":true,"href":"https:\/\/xiqioracing.sk\/en\/wp-json\/wp\/v2\/tags?post=1112"}],"curies":[{"name":"wp","href":"https:\/\/api.w.org\/{rel}","templated":true}]}}