{"id":196,"date":"2024-02-23T15:52:01","date_gmt":"2024-02-23T14:52:01","guid":{"rendered":"https:\/\/xiqioracing.sk\/?p=196"},"modified":"2024-02-23T16:48:10","modified_gmt":"2024-02-23T15:48:10","slug":"dalsi-uspech-skody-fabia-rally2-evo-slovenskeho-xiqio-racing-teamu","status":"publish","type":"post","link":"https:\/\/xiqioracing.sk\/en\/dalsi-uspech-skody-fabia-rally2-evo-slovenskeho-xiqio-racing-teamu\/","title":{"rendered":"\u0160koda Fabia Rally2 evo XIQIO Racing Teamu oven\u010den\u00e1 \u010fal\u0161\u00edm absol\u00fatnym titulom"},"content":{"rendered":"<p>Pos\u00e1dka Vincze \u2013 Percze so slovenskou \u0160kodou Fabia Rally2 evo zv\u00ed\u0165azila na Salg\u00f3 Rally 2003.<br><br>Absol\u00fatnym v\u00ed\u0165azstvom s\u00fa\u0165a\u017enej pos\u00e1dky Ferenc Vincze \u2013 N\u00e1ndor Percze skon\u010dilo druh\u00e9 kolo ma\u010farsk\u00fdch rally majstrovstiev \u2013 Salg\u00f3 Rally 2023. Pos\u00e1dka jazdiaca na vozidle \u0160koda Fabia Rally2 evo slovensk\u00e9ho XIQIO Racing Teamu ovl\u00e1dla u\u017e po\u010das prvej etapy podujatie Salg\u00f3 Rally 2023, ke\u010f vyhrala v\u0161etky r\u00fdchlostn\u00e9 sk\u00fa\u0161ky, okrem jednej. Druh\u00e1 etapa s\u00fa\u0165a\u017ee mala rovnak\u00fd priebeh, pri\u010dom s\u00fa\u0165a\u017en\u00e1 pos\u00e1dka vyhrala okrem jedinej r\u00fdchlostnej sk\u00fa\u0161ky v\u0161etky ostatn\u00e9. V\u00a0cieli dvojetapovej s\u00fa\u0165a\u017ee tak Ferencovi s\u00a0N\u00e1ndorom patrilo absol\u00fatne v\u00ed\u0165azstvo v\u00a0r\u00e1mci Salg\u00f3 Rally 2023 a\u00a0s\u00a0t\u00fdm spojen\u00fd pln\u00fd po\u010det bodov v\u00a0r\u00e1mci ma\u010farsk\u00fdch rally majstrovstiev. Od druhej pos\u00e1dky absol\u00fatneho poradia ich pritom v\u00a0cieli celej s\u00fa\u0165a\u017ee delilo viac ako pol min\u00faty.<br><br><em>\u201eS\u00fa\u0165a\u017e bola ve\u013emi n\u00e1ro\u010dn\u00e1 a\u00a0s\u00faboje v\u00a0jednotliv\u00fdch r\u00fdchlostn\u00fdch sk\u00fa\u0161kach ve\u013emi tesn\u00e9. Ferencovi a\u00a0N\u00e1ndorovi gratulujem k\u00a0\u010fal\u0161iemu perfektn\u00e9mu v\u00fdkonu a\u00a0super v\u00fdsledku. Som r\u00e1d, \u017ee na\u0161a \u0160koda Fabia Rally2 evo fungovala \u0161pi\u010dkovo a\u00a0chalani sa tak mali mo\u017enos\u0165 plne venova\u0165 svojej pr\u00e1ci. Ak vezmeme v\u00a0\u00favahu fakt, \u017ee na \u0161tarte bolo viac ako stotridsa\u0165 s\u00fa\u0165a\u017en\u00fdch pos\u00e1dok, z\u00a0ktor\u00fdch sa mnoh\u00e9 nevyhli technick\u00fdm poruch\u00e1m, \u010di hav\u00e1ri\u00e1m, som nadmieru spokojn\u00fd. Pos\u00e1dka doviezla na\u0161e auto do cie\u013ea bez ak\u00e9hoko\u013evek po\u0161kodenia. Samozrejme to neznamen\u00e1, \u017ee by sme \u0160kodu Fabia Rally2 evo kompletne neskontrolovali. Treba ju toti\u017e pripravi\u0165 na \u010fal\u0161iu s\u00fa\u0165a\u017e,\u201c <\/em>povedal Mari\u00e1n Mi\u010d\u00e1k, \u0161\u00e9f slovensk\u00e9ho XIQIO Racing Teamu.<br><br>\u0160koda Fabia Rally2 evo, slovensk\u00e9ho XIQIO Racing Teamu sa predstav\u00ed s\u00a0pos\u00e1dkou Ferenc Vincze \u2013 N\u00e1ndor Percze na rally tratiach znova u\u017e o\u00a0tri t\u00fd\u017edne, ke\u010f bude \u0161tartova\u0165 na 56. Mecsek Rally 2023.<br>To, \u017ee \u0160koda Fabia Rally2 evo z\u00a0dieln\u00ed slovensk\u00e9ho XIQIO Racing Teamu m\u00e1 iba tie najvy\u0161\u0161ie amb\u00edcie bolo jasn\u00e9 u\u017e od momentu jej zak\u00fapenia. Teraz z\u00edskal ma\u010farsk\u00fd titul absol\u00fatneho majstra v\u00a0rally.<br><br>Po tom, ako v\u00a0minuloro\u010dnej sez\u00f3ne s\u00a0touto kr\u00e1skou vybojoval v\u00a0\u010cech\u00e1ch majstrovsk\u00fd titul Jan Kopeck\u00fd, bola \u0160koda Fabia Rally2 evo zak\u00fapen\u00e1 pr\u00e1ve ko\u0161ick\u00fdm XIQIO Racing Teamom. Ale o\u00a0tom sme v\u00e1s informovali u\u017e za\u010diatkom tohtoro\u010dnej sez\u00f3ny. \u010eal\u0161ie kroky tohto tov\u00e1rensk\u00e9ho \u0161peci\u00e1lu smerovali do ma\u010farsk\u00fdch rally majstrovstiev, pri\u010dom za jej volantom sa predstavil Ferenc Vincze. Seda\u010dku spolujazdca obsadil N\u00e1ndor Percze a\u00a0spolo\u010dne za\u010dali vyhr\u00e1va\u0165 podujatia zaraden\u00e9 do ma\u010farsk\u00e9ho rally \u0161ampion\u00e1tu. A\u00a0treba poveda\u0165, \u017ee tejto \u0161tvorici (jazdec + spolujazdec + \u0160koda Fabia Rally2 evo + XIQIO Racing Team) sa naozaj darilo v\u00fdborne. V\u00fdsledkom je zisk absol\u00fatneho titulu Majstra Ma\u010farska v\u00a0rally za sez\u00f3nu 2023. Navy\u0161e sa tak udialo v\u00a0predstihu, na pr\u00e1ve ukon\u010denej Gy\u0151r Rally 2023.<br><br><em>\u201eBola tam ve\u013ek\u00e1 \u0161anca, \u017ee pos\u00e1dka Ferenc Vincze \u2013 N\u00e1ndor Percze s\u00a0na\u0161ou \u0160kodou Fabia Rally2 evo z\u00edskaj\u00fa majstrovsk\u00fd titul u\u017e na s\u00fa\u0165a\u017ei v\u00a0Gy\u0151ri, ale rad\u0161ej sme to nespom\u00ednali, aby sme n\u00e1hodou nie\u010do nezakr\u00edkli. A\u00a0podarilo sa. Ferenc s\u00a0N\u00e1ndorom i\u0161li cel\u00fa s\u00fa\u0165a\u017e ve\u013emi pekne, bez ak\u00fdchko\u013evek ch\u00fdb a\u00a0kr\u00edzoviek. \u0160koda Fabia Rally2 evo fungovala v\u010faka starostlivosti na\u0161ich mechanikov rovnako na tis\u00edc percent. Chalani dojazdili na druhom mieste absol\u00fatneho poradia, to v\u0161ak v\u00f4bec nevad\u00ed, nebolo treba riskova\u0165. Toto umiestnenie im bodovo sta\u010d\u00ed na titul. Som naozaj ve\u013emi \u0161\u0165astn\u00fd a\u00a0aj touto cestou by som chcel e\u0161te raz pos\u00e1dke zagratulova\u0165 k\u00a0titulu. Moja v\u010faka patr\u00ed cel\u00e9mu n\u00e1\u0161mu t\u00edmu za perfektn\u00fa starostlivos\u0165 o\u00a0vozidlo,\u201c <\/em>zhodnotil \u0161\u00e9f slovensk\u00e9ho XIQIO Racing Teamu Mari\u00e1n Mi\u010d\u00e1k.<br><br>Po tomto v\u00fdraznom \u00faspechu s\u00edce pr\u00edde na rad aj kr\u00e1tka oslava, ale hne\u010f po nej XIQIO Racing Team pokra\u010duje \u010falej. Bude toti\u017e treba kompletne skontrolova\u0165 a\u00a0pripravi\u0165 \u0160kodu Fabia Rally2 evo na \u010fal\u0161iu s\u00fa\u0165a\u017e v\u00a0Po\u013esku. V\u00a0tomto pr\u00edpade to bude Rajd Wisly 2023 po\u010das posledn\u00e9ho septembrov\u00e9ho v\u00edkendu.<\/p>","protected":false},"excerpt":{"rendered":"<p>Pos\u00e1dka Vincze \u2013 Percze so slovenskou \u0160kodou Fabia Rally2 evo zv\u00ed\u0165azila na Salg\u00f3 Rally 2003. Absol\u00fatnym v\u00ed\u0165azstvom s\u00fa\u0165a\u017enej pos\u00e1dky Ferenc [&hellip;]<\/p>","protected":false},"author":1,"featured_media":225,"comment_status":"open","ping_status":"open","sticky":false,"template":"","format":"standard","meta":{"site-sidebar-layout":"default","site-content-layout":"","ast-site-content-layout":"","site-content-style":"default","site-sidebar-style":"default","ast-global-header-display":"","ast-banner-title-visibility":"","ast-main-header-display":"","ast-hfb-above-header-display":"","ast-hfb-below-header-display":"","ast-hfb-mobile-header-display":"","site-post-title":"","ast-breadcrumbs-content":"","ast-featured-img":"","footer-sml-layout":"","theme-transparent-header-meta":"","adv-header-id-meta":"","stick-header-meta":"","header-above-stick-meta":"","header-main-stick-meta":"","header-below-stick-meta":"","astra-migrate-meta-layouts":"default","ast-page-background-enabled":"default","ast-page-background-meta":{"desktop":{"background-color":"var(--ast-global-color-4)","background-image":"","background-repeat":"repeat","background-position":"center center","background-size":"auto","background-attachment":"scroll","background-type":"","background-media":"","overlay-type":"","overlay-color":"","overlay-gradient":""},"tablet":{"background-color":"","background-image":"","background-repeat":"repeat","background-position":"center center","background-size":"auto","background-attachment":"scroll","background-type":"","background-media":"","overlay-type":"","overlay-color":"","overlay-gradient":""},"mobile":{"background-color":"","background-image":"","background-repeat":"repeat","background-position":"center center","background-size":"auto","background-attachment":"scroll","background-type":"","background-media":"","overlay-type":"","overlay-color":"","overlay-gradient":""}},"ast-content-background-meta":{"desktop":{"background-color":"var(--ast-global-color-5)","background-image":"","background-repeat":"repeat","background-position":"center center","background-size":"auto","background-attachment":"scroll","background-type":"","background-media":"","overlay-type":"","overlay-color":"","overlay-gradient":""},"tablet":{"background-color":"var(--ast-global-color-5)","background-image":"","background-repeat":"repeat","background-position":"center center","background-size":"auto","background-attachment":"scroll","background-type":"","background-media":"","overlay-type":"","overlay-color":"","overlay-gradient":""},"mobile":{"background-color":"var(--ast-global-color-5)","background-image":"","background-repeat":"repeat","background-position":"center center","background-size":"auto","background-attachment":"scroll","background-type":"","background-media":"","overlay-type":"","overlay-color":"","overlay-gradient":""}},"footnotes":""},"categories":[1],"tags":[],"class_list":["post-196","post","type-post","status-publish","format-standard","has-post-thumbnail","hentry","category-uncategorized"],"yoast_head":"<!-- This site is optimized with the Yoast SEO plugin v22.1 - https:\/\/yoast.com\/wordpress\/plugins\/seo\/ -->\n<title>\u0160koda Fabia Rally2 evo XIQIO Racing Teamu oven\u010den\u00e1 \u010fal\u0161\u00edm absol\u00fatnym titulom - XIQIO Racing<\/title>\n<meta name=\"robots\" content=\"index, follow, max-snippet:-1, max-image-preview:large, max-video-preview:-1\" \/>\n<link rel=\"canonical\" href=\"https:\/\/xiqioracing.sk\/en\/dalsi-uspech-skody-fabia-rally2-evo-slovenskeho-xiqio-racing-teamu\/\" \/>\n<meta property=\"og:locale\" content=\"en_US\" \/>\n<meta property=\"og:type\" content=\"article\" \/>\n<meta property=\"og:title\" content=\"\u0160koda Fabia Rally2 evo XIQIO Racing Teamu oven\u010den\u00e1 \u010fal\u0161\u00edm absol\u00fatnym titulom - XIQIO Racing\" \/>\n<meta property=\"og:description\" content=\"Pos\u00e1dka Vincze \u2013 Percze so slovenskou \u0160kodou Fabia Rally2 evo zv\u00ed\u0165azila na Salg\u00f3 Rally 2003. Absol\u00fatnym v\u00ed\u0165azstvom s\u00fa\u0165a\u017enej pos\u00e1dky Ferenc [&hellip;]\" \/>\n<meta property=\"og:url\" content=\"https:\/\/xiqioracing.sk\/en\/dalsi-uspech-skody-fabia-rally2-evo-slovenskeho-xiqio-racing-teamu\/\" \/>\n<meta property=\"og:site_name\" content=\"XIQIO Racing\" \/>\n<meta property=\"article:published_time\" content=\"2024-02-23T14:52:01+00:00\" \/>\n<meta property=\"article:modified_time\" content=\"2024-02-23T15:48:10+00:00\" \/>\n<meta property=\"og:image\" content=\"https:\/\/xiqioracing.sk\/wp-content\/uploads\/2024\/02\/IMG_1208-2.jpg\" \/>\n\t<meta property=\"og:image:width\" content=\"2370\" \/>\n\t<meta property=\"og:image:height\" content=\"1580\" \/>\n\t<meta property=\"og:image:type\" content=\"image\/jpeg\" \/>\n<meta name=\"author\" content=\"mmajlath\" \/>\n<meta name=\"twitter:card\" content=\"summary_large_image\" \/>\n<meta name=\"twitter:label1\" content=\"Written by\" \/>\n\t<meta name=\"twitter:data1\" content=\"mmajlath\" \/>\n\t<meta name=\"twitter:label2\" content=\"Est. reading time\" \/>\n\t<meta name=\"twitter:data2\" content=\"4 minutes\" \/>\n<script type=\"application\/ld+json\" class=\"yoast-schema-graph\">{\"@context\":\"https:\/\/schema.org\",\"@graph\":[{\"@type\":\"Article\",\"@id\":\"https:\/\/xiqioracing.sk\/en\/dalsi-uspech-skody-fabia-rally2-evo-slovenskeho-xiqio-racing-teamu\/#article\",\"isPartOf\":{\"@id\":\"https:\/\/xiqioracing.sk\/en\/dalsi-uspech-skody-fabia-rally2-evo-slovenskeho-xiqio-racing-teamu\/\"},\"author\":{\"name\":\"mmajlath\",\"@id\":\"https:\/\/xiqioracing.sk\/en\/#\/schema\/person\/f09b7fb258cf45e7f3a13cfb604ced0c\"},\"headline\":\"\u0160koda Fabia Rally2 evo XIQIO Racing Teamu oven\u010den\u00e1 \u010fal\u0161\u00edm absol\u00fatnym titulom\",\"datePublished\":\"2024-02-23T14:52:01+00:00\",\"dateModified\":\"2024-02-23T15:48:10+00:00\",\"mainEntityOfPage\":{\"@id\":\"https:\/\/xiqioracing.sk\/en\/dalsi-uspech-skody-fabia-rally2-evo-slovenskeho-xiqio-racing-teamu\/\"},\"wordCount\":754,\"commentCount\":0,\"publisher\":{\"@id\":\"https:\/\/xiqioracing.sk\/en\/#organization\"},\"inLanguage\":\"en-US\",\"potentialAction\":[{\"@type\":\"CommentAction\",\"name\":\"Comment\",\"target\":[\"https:\/\/xiqioracing.sk\/en\/dalsi-uspech-skody-fabia-rally2-evo-slovenskeho-xiqio-racing-teamu\/#respond\"]}]},{\"@type\":\"WebPage\",\"@id\":\"https:\/\/xiqioracing.sk\/en\/dalsi-uspech-skody-fabia-rally2-evo-slovenskeho-xiqio-racing-teamu\/\",\"url\":\"https:\/\/xiqioracing.sk\/en\/dalsi-uspech-skody-fabia-rally2-evo-slovenskeho-xiqio-racing-teamu\/\",\"name\":\"\u0160koda Fabia Rally2 evo XIQIO Racing Teamu oven\u010den\u00e1 \u010fal\u0161\u00edm absol\u00fatnym titulom - XIQIO Racing\",\"isPartOf\":{\"@id\":\"https:\/\/xiqioracing.sk\/en\/#website\"},\"datePublished\":\"2024-02-23T14:52:01+00:00\",\"dateModified\":\"2024-02-23T15:48:10+00:00\",\"breadcrumb\":{\"@id\":\"https:\/\/xiqioracing.sk\/en\/dalsi-uspech-skody-fabia-rally2-evo-slovenskeho-xiqio-racing-teamu\/#breadcrumb\"},\"inLanguage\":\"en-US\",\"potentialAction\":[{\"@type\":\"ReadAction\",\"target\":[\"https:\/\/xiqioracing.sk\/en\/dalsi-uspech-skody-fabia-rally2-evo-slovenskeho-xiqio-racing-teamu\/\"]}]},{\"@type\":\"BreadcrumbList\",\"@id\":\"https:\/\/xiqioracing.sk\/en\/dalsi-uspech-skody-fabia-rally2-evo-slovenskeho-xiqio-racing-teamu\/#breadcrumb\",\"itemListElement\":[{\"@type\":\"ListItem\",\"position\":1,\"name\":\"Domovsk\u00e1 str\u00e1nka\",\"item\":\"https:\/\/xiqioracing.sk\/en\/\"},{\"@type\":\"ListItem\",\"position\":2,\"name\":\"\u0160koda Fabia Rally2 evo XIQIO Racing Teamu oven\u010den\u00e1 \u010fal\u0161\u00edm absol\u00fatnym titulom\"}]},{\"@type\":\"WebSite\",\"@id\":\"https:\/\/xiqioracing.sk\/en\/#website\",\"url\":\"https:\/\/xiqioracing.sk\/en\/\",\"name\":\"XIQIO Racing\",\"description\":\"\",\"publisher\":{\"@id\":\"https:\/\/xiqioracing.sk\/en\/#organization\"},\"potentialAction\":[{\"@type\":\"SearchAction\",\"target\":{\"@type\":\"EntryPoint\",\"urlTemplate\":\"https:\/\/xiqioracing.sk\/en\/?s={search_term_string}\"},\"query-input\":\"required name=search_term_string\"}],\"inLanguage\":\"en-US\"},{\"@type\":\"Organization\",\"@id\":\"https:\/\/xiqioracing.sk\/en\/#organization\",\"name\":\"XIQIO Racing\",\"url\":\"https:\/\/xiqioracing.sk\/en\/\",\"logo\":{\"@type\":\"ImageObject\",\"inLanguage\":\"en-US\",\"@id\":\"https:\/\/xiqioracing.sk\/en\/#\/schema\/logo\/image\/\",\"url\":\"https:\/\/xiqioracing.sk\/wp-content\/uploads\/2024\/02\/cropped-logo_x.png\",\"contentUrl\":\"https:\/\/xiqioracing.sk\/wp-content\/uploads\/2024\/02\/cropped-logo_x.png\",\"width\":450,\"height\":150,\"caption\":\"XIQIO Racing\"},\"image\":{\"@id\":\"https:\/\/xiqioracing.sk\/en\/#\/schema\/logo\/image\/\"}},{\"@type\":\"Person\",\"@id\":\"https:\/\/xiqioracing.sk\/en\/#\/schema\/person\/f09b7fb258cf45e7f3a13cfb604ced0c\",\"name\":\"mmajlath\",\"image\":{\"@type\":\"ImageObject\",\"inLanguage\":\"en-US\",\"@id\":\"https:\/\/xiqioracing.sk\/en\/#\/schema\/person\/image\/\",\"url\":\"https:\/\/secure.gravatar.com\/avatar\/277450cf2ad3e1bfb3161e04cabacf85b0b66fc6054c75b2245252fea3ee4456?s=96&d=mm&r=g\",\"contentUrl\":\"https:\/\/secure.gravatar.com\/avatar\/277450cf2ad3e1bfb3161e04cabacf85b0b66fc6054c75b2245252fea3ee4456?s=96&d=mm&r=g\",\"caption\":\"mmajlath\"},\"sameAs\":[\"https:\/\/xiqioracing.sk\"],\"url\":\"https:\/\/xiqioracing.sk\/en\/author\/mmajlath\/\"}]}<\/script>\n<!-- \/ Yoast SEO plugin. -->","yoast_head_json":{"title":"\u0160koda Fabia Rally2 evo XIQIO Racing Teamu oven\u010den\u00e1 \u010fal\u0161\u00edm absol\u00fatnym titulom - XIQIO Racing","robots":{"index":"index","follow":"follow","max-snippet":"max-snippet:-1","max-image-preview":"max-image-preview:large","max-video-preview":"max-video-preview:-1"},"canonical":"https:\/\/xiqioracing.sk\/en\/dalsi-uspech-skody-fabia-rally2-evo-slovenskeho-xiqio-racing-teamu\/","og_locale":"en_US","og_type":"article","og_title":"\u0160koda Fabia Rally2 evo XIQIO Racing Teamu oven\u010den\u00e1 \u010fal\u0161\u00edm absol\u00fatnym titulom - XIQIO Racing","og_description":"Pos\u00e1dka Vincze \u2013 Percze so slovenskou \u0160kodou Fabia Rally2 evo zv\u00ed\u0165azila na Salg\u00f3 Rally 2003. Absol\u00fatnym v\u00ed\u0165azstvom s\u00fa\u0165a\u017enej pos\u00e1dky Ferenc [&hellip;]","og_url":"https:\/\/xiqioracing.sk\/en\/dalsi-uspech-skody-fabia-rally2-evo-slovenskeho-xiqio-racing-teamu\/","og_site_name":"XIQIO Racing","article_published_time":"2024-02-23T14:52:01+00:00","article_modified_time":"2024-02-23T15:48:10+00:00","og_image":[{"width":2370,"height":1580,"url":"https:\/\/xiqioracing.sk\/wp-content\/uploads\/2024\/02\/IMG_1208-2.jpg","type":"image\/jpeg"}],"author":"mmajlath","twitter_card":"summary_large_image","twitter_misc":{"Written by":"mmajlath","Est. reading time":"4 minutes"},"schema":{"@context":"https:\/\/schema.org","@graph":[{"@type":"Article","@id":"https:\/\/xiqioracing.sk\/en\/dalsi-uspech-skody-fabia-rally2-evo-slovenskeho-xiqio-racing-teamu\/#article","isPartOf":{"@id":"https:\/\/xiqioracing.sk\/en\/dalsi-uspech-skody-fabia-rally2-evo-slovenskeho-xiqio-racing-teamu\/"},"author":{"name":"mmajlath","@id":"https:\/\/xiqioracing.sk\/en\/#\/schema\/person\/f09b7fb258cf45e7f3a13cfb604ced0c"},"headline":"\u0160koda Fabia Rally2 evo XIQIO Racing Teamu oven\u010den\u00e1 \u010fal\u0161\u00edm absol\u00fatnym titulom","datePublished":"2024-02-23T14:52:01+00:00","dateModified":"2024-02-23T15:48:10+00:00","mainEntityOfPage":{"@id":"https:\/\/xiqioracing.sk\/en\/dalsi-uspech-skody-fabia-rally2-evo-slovenskeho-xiqio-racing-teamu\/"},"wordCount":754,"commentCount":0,"publisher":{"@id":"https:\/\/xiqioracing.sk\/en\/#organization"},"inLanguage":"en-US","potentialAction":[{"@type":"CommentAction","name":"Comment","target":["https:\/\/xiqioracing.sk\/en\/dalsi-uspech-skody-fabia-rally2-evo-slovenskeho-xiqio-racing-teamu\/#respond"]}]},{"@type":"WebPage","@id":"https:\/\/xiqioracing.sk\/en\/dalsi-uspech-skody-fabia-rally2-evo-slovenskeho-xiqio-racing-teamu\/","url":"https:\/\/xiqioracing.sk\/en\/dalsi-uspech-skody-fabia-rally2-evo-slovenskeho-xiqio-racing-teamu\/","name":"\u0160koda Fabia Rally2 evo XIQIO Racing Teamu oven\u010den\u00e1 \u010fal\u0161\u00edm absol\u00fatnym titulom - XIQIO Racing","isPartOf":{"@id":"https:\/\/xiqioracing.sk\/en\/#website"},"datePublished":"2024-02-23T14:52:01+00:00","dateModified":"2024-02-23T15:48:10+00:00","breadcrumb":{"@id":"https:\/\/xiqioracing.sk\/en\/dalsi-uspech-skody-fabia-rally2-evo-slovenskeho-xiqio-racing-teamu\/#breadcrumb"},"inLanguage":"en-US","potentialAction":[{"@type":"ReadAction","target":["https:\/\/xiqioracing.sk\/en\/dalsi-uspech-skody-fabia-rally2-evo-slovenskeho-xiqio-racing-teamu\/"]}]},{"@type":"BreadcrumbList","@id":"https:\/\/xiqioracing.sk\/en\/dalsi-uspech-skody-fabia-rally2-evo-slovenskeho-xiqio-racing-teamu\/#breadcrumb","itemListElement":[{"@type":"ListItem","position":1,"name":"Domovsk\u00e1 str\u00e1nka","item":"https:\/\/xiqioracing.sk\/en\/"},{"@type":"ListItem","position":2,"name":"\u0160koda Fabia Rally2 evo XIQIO Racing Teamu oven\u010den\u00e1 \u010fal\u0161\u00edm absol\u00fatnym titulom"}]},{"@type":"WebSite","@id":"https:\/\/xiqioracing.sk\/en\/#website","url":"https:\/\/xiqioracing.sk\/en\/","name":"XIQIO Racing","description":"","publisher":{"@id":"https:\/\/xiqioracing.sk\/en\/#organization"},"potentialAction":[{"@type":"SearchAction","target":{"@type":"EntryPoint","urlTemplate":"https:\/\/xiqioracing.sk\/en\/?s={search_term_string}"},"query-input":"required name=search_term_string"}],"inLanguage":"en-US"},{"@type":"Organization","@id":"https:\/\/xiqioracing.sk\/en\/#organization","name":"XIQIO Racing","url":"https:\/\/xiqioracing.sk\/en\/","logo":{"@type":"ImageObject","inLanguage":"en-US","@id":"https:\/\/xiqioracing.sk\/en\/#\/schema\/logo\/image\/","url":"https:\/\/xiqioracing.sk\/wp-content\/uploads\/2024\/02\/cropped-logo_x.png","contentUrl":"https:\/\/xiqioracing.sk\/wp-content\/uploads\/2024\/02\/cropped-logo_x.png","width":450,"height":150,"caption":"XIQIO Racing"},"image":{"@id":"https:\/\/xiqioracing.sk\/en\/#\/schema\/logo\/image\/"}},{"@type":"Person","@id":"https:\/\/xiqioracing.sk\/en\/#\/schema\/person\/f09b7fb258cf45e7f3a13cfb604ced0c","name":"mmajlath","image":{"@type":"ImageObject","inLanguage":"en-US","@id":"https:\/\/xiqioracing.sk\/en\/#\/schema\/person\/image\/","url":"https:\/\/secure.gravatar.com\/avatar\/277450cf2ad3e1bfb3161e04cabacf85b0b66fc6054c75b2245252fea3ee4456?s=96&d=mm&r=g","contentUrl":"https:\/\/secure.gravatar.com\/avatar\/277450cf2ad3e1bfb3161e04cabacf85b0b66fc6054c75b2245252fea3ee4456?s=96&d=mm&r=g","caption":"mmajlath"},"sameAs":["https:\/\/xiqioracing.sk"],"url":"https:\/\/xiqioracing.sk\/en\/author\/mmajlath\/"}]}},"_links":{"self":[{"href":"https:\/\/xiqioracing.sk\/en\/wp-json\/wp\/v2\/posts\/196","targetHints":{"allow":["GET"]}}],"collection":[{"href":"https:\/\/xiqioracing.sk\/en\/wp-json\/wp\/v2\/posts"}],"about":[{"href":"https:\/\/xiqioracing.sk\/en\/wp-json\/wp\/v2\/types\/post"}],"author":[{"embeddable":true,"href":"https:\/\/xiqioracing.sk\/en\/wp-json\/wp\/v2\/users\/1"}],"replies":[{"embeddable":true,"href":"https:\/\/xiqioracing.sk\/en\/wp-json\/wp\/v2\/comments?post=196"}],"version-history":[{"count":2,"href":"https:\/\/xiqioracing.sk\/en\/wp-json\/wp\/v2\/posts\/196\/revisions"}],"predecessor-version":[{"id":276,"href":"https:\/\/xiqioracing.sk\/en\/wp-json\/wp\/v2\/posts\/196\/revisions\/276"}],"wp:featuredmedia":[{"embeddable":true,"href":"https:\/\/xiqioracing.sk\/en\/wp-json\/wp\/v2\/media\/225"}],"wp:attachment":[{"href":"https:\/\/xiqioracing.sk\/en\/wp-json\/wp\/v2\/media?parent=196"}],"wp:term":[{"taxonomy":"category","embeddable":true,"href":"https:\/\/xiqioracing.sk\/en\/wp-json\/wp\/v2\/categories?post=196"},{"taxonomy":"post_tag","embeddable":true,"href":"https:\/\/xiqioracing.sk\/en\/wp-json\/wp\/v2\/tags?post=196"}],"curies":[{"name":"wp","href":"https:\/\/api.w.org\/{rel}","templated":true}]}}