{"id":230,"date":"2024-02-23T16:01:17","date_gmt":"2024-02-23T15:01:17","guid":{"rendered":"https:\/\/xiqioracing.sk\/?p=230"},"modified":"2024-02-23T17:31:18","modified_gmt":"2024-02-23T16:31:18","slug":"xiqio-racing-team-smeruje-na-rajd-wisly-2023","status":"publish","type":"post","link":"https:\/\/xiqioracing.sk\/en\/xiqio-racing-team-smeruje-na-rajd-wisly-2023\/","title":{"rendered":"XIQIO Racing Team smeruje na Rajd Wisly 2023"},"content":{"rendered":"<p>U\u017e sme si zvykli, \u017ee po\u013esk\u00e1 s\u00fa\u0165a\u017en\u00e1 pos\u00e1dka Kacper Wr\u00f3blewski \u2013 Jakub Wr\u00f3bel na rally tratiach bojuj\u00fa s vozidlom \u0160koda Fabia Rally2 evo slovensk\u00e9ho XIQIO Racing Teamu.<br><br>Inak tomu nebude ani po\u010das nadch\u00e1dzaj\u00faceho v\u00edkendu v\u00a0r\u00e1mci 68. Rajd Wisly 2023. Ako u\u017e s\u00e1m n\u00e1zov s\u00fa\u0165a\u017ee napoved\u00e1, siedme kolo po\u013esk\u00e9ho rally \u0161ampion\u00e1tu sa bude kona\u0165 s\u00a0centrom v\u00a0meste Wisla. To le\u017e\u00ed takmer na pomedz\u00ed Po\u013eska, \u010ciech a\u00a0Slovenska, \u010do ur\u010dite ocenia aj fan\u00fa\u0161ikovia rally s\u00fa\u0165a\u017e\u00ed zo slovenskej\u00a0Oravy, \u010di ve\u013emi bl\u00edzkej Moravy.<br><br>Kacper Wr\u00f3blewski a\u00a0Jakub Wr\u00f3bel spolo\u010dne so \u0160kodou Fabia Rally2 evo s\u00fa v\u00ed\u0165azmi predch\u00e1dzaj\u00faceho, \u0161iesteho kola po\u013esk\u00fdch rally majstrovstiev, ktor\u00e9 sa konalo v\u00a0okol\u00ed mesta Katowice za\u010diatkom mesiaca september. Teraz na Rajd Wisly 2023 sa rovnako bude pos\u00e1dka sna\u017ei\u0165 bra\u0165 \u010do mo\u017eno najviac bodov do hodnotenia seri\u00e1lu. Proti nim bude st\u00e1\u0165 mno\u017estvo s\u00fa\u0165a\u017en\u00fdch pos\u00e1dok, ktor\u00e9 bud\u00fa ma\u0165 ale rovnak\u00fd z\u00e1ujem o\u00a0zisk bodov. Ako to dopadne, to v\u0161etko sa dozvieme u\u017e v\u00a0sobotu podve\u010der.<br><br><em>\u201eVe\u013emi ma te\u0161\u00ed spolupr\u00e1ca s\u00a0po\u013eskou pos\u00e1dkou Kacper Wr\u00f3blewski \u2013 Jakub Wr\u00f3bel. U\u017e pri zjedn\u00e1van\u00ed dohody n\u00e1m bolo jasn\u00e9, \u017ee pr\u00e1ve t\u00e1to dvojica patr\u00ed medzi najr\u00fdchlej\u0161ie po\u013esk\u00e9 rally pos\u00e1dky, \u010do u\u017e chalani aj potvrdili na trati s\u00a0na\u0161ou \u0160kodou Fabia Rally2 evo. Jedin\u00e1 \u0161koda je, \u017ee neabsolvovali kompletn\u00fd \u0161ampion\u00e1t a\u00a0nieko\u013eko podujat\u00ed na za\u010diatku sez\u00f3ny vynechali. Mohlo to by\u0165 o\u00a0s\u00faboji na \u0161pici v\u00a0celom \u0161ampion\u00e1te. Budem r\u00e1d, ak sa im aj na tomto podujat\u00ed podar\u00ed bojova\u0165 minim\u00e1lne v\u00a0TOP 3 najr\u00fdchlej\u0161\u00edch. Nepredbiehajme v\u0161ak, viac si povieme v\u00a0sobotu podve\u010der,\u201c <\/em>zhodnotil Mari\u00e1n Mi\u010d\u00e1k, \u0161\u00e9f ko\u0161ick\u00e9ho XIQIO Racing Teamu.<br><br>68. Rajd Wisly 2023 \u0161tartuje v\u00a0d\u0148och 29. \u2013 30.9.2023 pri\u010dom v\u0161etk\u00fdch s\u00fa\u0165a\u017eiacich \u010dak\u00e1 dvojetapov\u00e1 s\u00fa\u0165a\u017e. V\u00a0nej bud\u00fa musie\u0165 pos\u00e1dky, ktor\u00e9 chc\u00fa d\u00f4js\u0165 a\u017e do cie\u013ea, \u00a0zdola\u0165 v\u0161etk\u00fdch jeden\u00e1s\u0165 r\u00fdchlostn\u00fdch sk\u00fa\u0161ok. Sl\u00e1vnostn\u00fd \u0161tart s\u00fa\u0165a\u017ee je napl\u00e1novan\u00fd na piatok (29.9.2023) od 15:30 hodiny. Hne\u010f po tomto momente bud\u00fa s\u00fa\u0165a\u017en\u00e9 pos\u00e1dky nasmerovan\u00e9 na \u00favodn\u00fa trojicu r\u00fdchlostn\u00fdch sk\u00fa\u0161ok a\u00a0po n\u00e1v\u0161teve servisnej z\u00f3ny si tieto r\u00fdchlostn\u00e9 sk\u00fa\u0161ky \u201estrihn\u00fa\u201c v\u00a0piatok e\u0161te raz. Na sobotu (30.9.2023) je napl\u00e1novan\u00fdch zvy\u0161n\u00fdch p\u00e4\u0165 r\u00fdchlostn\u00fdch sk\u00fa\u0161ok, pri\u010dom prv\u00e9 vozidlo v\u00a0cieli m\u00f4\u017eu fan\u00fa\u0161ikovia o\u010dak\u00e1va\u0165 po 18:00 hodine.<\/p>","protected":false},"excerpt":{"rendered":"<p>U\u017e sme si zvykli, \u017ee po\u013esk\u00e1 s\u00fa\u0165a\u017en\u00e1 pos\u00e1dka Kacper Wr\u00f3blewski \u2013 Jakub Wr\u00f3bel na rally tratiach bojuj\u00fa s vozidlom \u0160koda [&hellip;]<\/p>","protected":false},"author":1,"featured_media":279,"comment_status":"open","ping_status":"open","sticky":false,"template":"","format":"standard","meta":{"site-sidebar-layout":"default","site-content-layout":"","ast-site-content-layout":"","site-content-style":"default","site-sidebar-style":"default","ast-global-header-display":"","ast-banner-title-visibility":"","ast-main-header-display":"","ast-hfb-above-header-display":"","ast-hfb-below-header-display":"","ast-hfb-mobile-header-display":"","site-post-title":"","ast-breadcrumbs-content":"","ast-featured-img":"","footer-sml-layout":"","theme-transparent-header-meta":"","adv-header-id-meta":"","stick-header-meta":"","header-above-stick-meta":"","header-main-stick-meta":"","header-below-stick-meta":"","astra-migrate-meta-layouts":"default","ast-page-background-enabled":"default","ast-page-background-meta":{"desktop":{"background-color":"var(--ast-global-color-4)","background-image":"","background-repeat":"repeat","background-position":"center center","background-size":"auto","background-attachment":"scroll","background-type":"","background-media":"","overlay-type":"","overlay-color":"","overlay-gradient":""},"tablet":{"background-color":"","background-image":"","background-repeat":"repeat","background-position":"center center","background-size":"auto","background-attachment":"scroll","background-type":"","background-media":"","overlay-type":"","overlay-color":"","overlay-gradient":""},"mobile":{"background-color":"","background-image":"","background-repeat":"repeat","background-position":"center center","background-size":"auto","background-attachment":"scroll","background-type":"","background-media":"","overlay-type":"","overlay-color":"","overlay-gradient":""}},"ast-content-background-meta":{"desktop":{"background-color":"var(--ast-global-color-5)","background-image":"","background-repeat":"repeat","background-position":"center center","background-size":"auto","background-attachment":"scroll","background-type":"","background-media":"","overlay-type":"","overlay-color":"","overlay-gradient":""},"tablet":{"background-color":"var(--ast-global-color-5)","background-image":"","background-repeat":"repeat","background-position":"center center","background-size":"auto","background-attachment":"scroll","background-type":"","background-media":"","overlay-type":"","overlay-color":"","overlay-gradient":""},"mobile":{"background-color":"var(--ast-global-color-5)","background-image":"","background-repeat":"repeat","background-position":"center center","background-size":"auto","background-attachment":"scroll","background-type":"","background-media":"","overlay-type":"","overlay-color":"","overlay-gradient":""}},"footnotes":""},"categories":[1],"tags":[],"class_list":["post-230","post","type-post","status-publish","format-standard","has-post-thumbnail","hentry","category-uncategorized"],"yoast_head":"<!-- This site is optimized with the Yoast SEO plugin v22.1 - https:\/\/yoast.com\/wordpress\/plugins\/seo\/ -->\n<title>XIQIO Racing Team smeruje na Rajd Wisly 2023 - XIQIO Racing<\/title>\n<meta name=\"robots\" content=\"index, follow, max-snippet:-1, max-image-preview:large, max-video-preview:-1\" \/>\n<link rel=\"canonical\" href=\"https:\/\/xiqioracing.sk\/en\/xiqio-racing-team-smeruje-na-rajd-wisly-2023\/\" \/>\n<meta property=\"og:locale\" content=\"en_US\" \/>\n<meta property=\"og:type\" content=\"article\" \/>\n<meta property=\"og:title\" content=\"XIQIO Racing Team smeruje na Rajd Wisly 2023 - XIQIO Racing\" \/>\n<meta property=\"og:description\" content=\"U\u017e sme si zvykli, \u017ee po\u013esk\u00e1 s\u00fa\u0165a\u017en\u00e1 pos\u00e1dka Kacper Wr\u00f3blewski \u2013 Jakub Wr\u00f3bel na rally tratiach bojuj\u00fa s vozidlom \u0160koda [&hellip;]\" \/>\n<meta property=\"og:url\" content=\"https:\/\/xiqioracing.sk\/en\/xiqio-racing-team-smeruje-na-rajd-wisly-2023\/\" \/>\n<meta property=\"og:site_name\" content=\"XIQIO Racing\" \/>\n<meta property=\"article:published_time\" content=\"2024-02-23T15:01:17+00:00\" \/>\n<meta property=\"article:modified_time\" content=\"2024-02-23T16:31:18+00:00\" \/>\n<meta property=\"og:image\" content=\"https:\/\/xiqioracing.sk\/wp-content\/uploads\/2024\/02\/377566312_7003513699672555_6778337638226223_n.jpg\" \/>\n\t<meta property=\"og:image:width\" content=\"2048\" \/>\n\t<meta property=\"og:image:height\" content=\"1367\" \/>\n\t<meta property=\"og:image:type\" content=\"image\/jpeg\" \/>\n<meta name=\"author\" content=\"mmajlath\" \/>\n<meta name=\"twitter:card\" content=\"summary_large_image\" \/>\n<meta name=\"twitter:label1\" content=\"Written by\" \/>\n\t<meta name=\"twitter:data1\" content=\"mmajlath\" \/>\n\t<meta name=\"twitter:label2\" content=\"Est. reading time\" \/>\n\t<meta name=\"twitter:data2\" content=\"2 minutes\" \/>\n<script type=\"application\/ld+json\" class=\"yoast-schema-graph\">{\"@context\":\"https:\/\/schema.org\",\"@graph\":[{\"@type\":\"Article\",\"@id\":\"https:\/\/xiqioracing.sk\/en\/xiqio-racing-team-smeruje-na-rajd-wisly-2023\/#article\",\"isPartOf\":{\"@id\":\"https:\/\/xiqioracing.sk\/en\/xiqio-racing-team-smeruje-na-rajd-wisly-2023\/\"},\"author\":{\"name\":\"mmajlath\",\"@id\":\"https:\/\/xiqioracing.sk\/en\/#\/schema\/person\/f09b7fb258cf45e7f3a13cfb604ced0c\"},\"headline\":\"XIQIO Racing Team smeruje na Rajd Wisly 2023\",\"datePublished\":\"2024-02-23T15:01:17+00:00\",\"dateModified\":\"2024-02-23T16:31:18+00:00\",\"mainEntityOfPage\":{\"@id\":\"https:\/\/xiqioracing.sk\/en\/xiqio-racing-team-smeruje-na-rajd-wisly-2023\/\"},\"wordCount\":457,\"commentCount\":0,\"publisher\":{\"@id\":\"https:\/\/xiqioracing.sk\/en\/#organization\"},\"inLanguage\":\"en-US\",\"potentialAction\":[{\"@type\":\"CommentAction\",\"name\":\"Comment\",\"target\":[\"https:\/\/xiqioracing.sk\/en\/xiqio-racing-team-smeruje-na-rajd-wisly-2023\/#respond\"]}]},{\"@type\":\"WebPage\",\"@id\":\"https:\/\/xiqioracing.sk\/en\/xiqio-racing-team-smeruje-na-rajd-wisly-2023\/\",\"url\":\"https:\/\/xiqioracing.sk\/en\/xiqio-racing-team-smeruje-na-rajd-wisly-2023\/\",\"name\":\"XIQIO Racing Team smeruje na Rajd Wisly 2023 - XIQIO Racing\",\"isPartOf\":{\"@id\":\"https:\/\/xiqioracing.sk\/en\/#website\"},\"datePublished\":\"2024-02-23T15:01:17+00:00\",\"dateModified\":\"2024-02-23T16:31:18+00:00\",\"breadcrumb\":{\"@id\":\"https:\/\/xiqioracing.sk\/en\/xiqio-racing-team-smeruje-na-rajd-wisly-2023\/#breadcrumb\"},\"inLanguage\":\"en-US\",\"potentialAction\":[{\"@type\":\"ReadAction\",\"target\":[\"https:\/\/xiqioracing.sk\/en\/xiqio-racing-team-smeruje-na-rajd-wisly-2023\/\"]}]},{\"@type\":\"BreadcrumbList\",\"@id\":\"https:\/\/xiqioracing.sk\/en\/xiqio-racing-team-smeruje-na-rajd-wisly-2023\/#breadcrumb\",\"itemListElement\":[{\"@type\":\"ListItem\",\"position\":1,\"name\":\"Domovsk\u00e1 str\u00e1nka\",\"item\":\"https:\/\/xiqioracing.sk\/en\/\"},{\"@type\":\"ListItem\",\"position\":2,\"name\":\"XIQIO Racing Team smeruje na Rajd Wisly 2023\"}]},{\"@type\":\"WebSite\",\"@id\":\"https:\/\/xiqioracing.sk\/en\/#website\",\"url\":\"https:\/\/xiqioracing.sk\/en\/\",\"name\":\"XIQIO Racing\",\"description\":\"\",\"publisher\":{\"@id\":\"https:\/\/xiqioracing.sk\/en\/#organization\"},\"potentialAction\":[{\"@type\":\"SearchAction\",\"target\":{\"@type\":\"EntryPoint\",\"urlTemplate\":\"https:\/\/xiqioracing.sk\/en\/?s={search_term_string}\"},\"query-input\":\"required name=search_term_string\"}],\"inLanguage\":\"en-US\"},{\"@type\":\"Organization\",\"@id\":\"https:\/\/xiqioracing.sk\/en\/#organization\",\"name\":\"XIQIO Racing\",\"url\":\"https:\/\/xiqioracing.sk\/en\/\",\"logo\":{\"@type\":\"ImageObject\",\"inLanguage\":\"en-US\",\"@id\":\"https:\/\/xiqioracing.sk\/en\/#\/schema\/logo\/image\/\",\"url\":\"https:\/\/xiqioracing.sk\/wp-content\/uploads\/2024\/02\/cropped-logo_x.png\",\"contentUrl\":\"https:\/\/xiqioracing.sk\/wp-content\/uploads\/2024\/02\/cropped-logo_x.png\",\"width\":450,\"height\":150,\"caption\":\"XIQIO Racing\"},\"image\":{\"@id\":\"https:\/\/xiqioracing.sk\/en\/#\/schema\/logo\/image\/\"}},{\"@type\":\"Person\",\"@id\":\"https:\/\/xiqioracing.sk\/en\/#\/schema\/person\/f09b7fb258cf45e7f3a13cfb604ced0c\",\"name\":\"mmajlath\",\"image\":{\"@type\":\"ImageObject\",\"inLanguage\":\"en-US\",\"@id\":\"https:\/\/xiqioracing.sk\/en\/#\/schema\/person\/image\/\",\"url\":\"https:\/\/secure.gravatar.com\/avatar\/277450cf2ad3e1bfb3161e04cabacf85b0b66fc6054c75b2245252fea3ee4456?s=96&d=mm&r=g\",\"contentUrl\":\"https:\/\/secure.gravatar.com\/avatar\/277450cf2ad3e1bfb3161e04cabacf85b0b66fc6054c75b2245252fea3ee4456?s=96&d=mm&r=g\",\"caption\":\"mmajlath\"},\"sameAs\":[\"https:\/\/xiqioracing.sk\"],\"url\":\"https:\/\/xiqioracing.sk\/en\/author\/mmajlath\/\"}]}<\/script>\n<!-- \/ Yoast SEO plugin. -->","yoast_head_json":{"title":"XIQIO Racing Team smeruje na Rajd Wisly 2023 - XIQIO Racing","robots":{"index":"index","follow":"follow","max-snippet":"max-snippet:-1","max-image-preview":"max-image-preview:large","max-video-preview":"max-video-preview:-1"},"canonical":"https:\/\/xiqioracing.sk\/en\/xiqio-racing-team-smeruje-na-rajd-wisly-2023\/","og_locale":"en_US","og_type":"article","og_title":"XIQIO Racing Team smeruje na Rajd Wisly 2023 - XIQIO Racing","og_description":"U\u017e sme si zvykli, \u017ee po\u013esk\u00e1 s\u00fa\u0165a\u017en\u00e1 pos\u00e1dka Kacper Wr\u00f3blewski \u2013 Jakub Wr\u00f3bel na rally tratiach bojuj\u00fa s vozidlom \u0160koda [&hellip;]","og_url":"https:\/\/xiqioracing.sk\/en\/xiqio-racing-team-smeruje-na-rajd-wisly-2023\/","og_site_name":"XIQIO Racing","article_published_time":"2024-02-23T15:01:17+00:00","article_modified_time":"2024-02-23T16:31:18+00:00","og_image":[{"width":2048,"height":1367,"url":"https:\/\/xiqioracing.sk\/wp-content\/uploads\/2024\/02\/377566312_7003513699672555_6778337638226223_n.jpg","type":"image\/jpeg"}],"author":"mmajlath","twitter_card":"summary_large_image","twitter_misc":{"Written by":"mmajlath","Est. reading time":"2 minutes"},"schema":{"@context":"https:\/\/schema.org","@graph":[{"@type":"Article","@id":"https:\/\/xiqioracing.sk\/en\/xiqio-racing-team-smeruje-na-rajd-wisly-2023\/#article","isPartOf":{"@id":"https:\/\/xiqioracing.sk\/en\/xiqio-racing-team-smeruje-na-rajd-wisly-2023\/"},"author":{"name":"mmajlath","@id":"https:\/\/xiqioracing.sk\/en\/#\/schema\/person\/f09b7fb258cf45e7f3a13cfb604ced0c"},"headline":"XIQIO Racing Team smeruje na Rajd Wisly 2023","datePublished":"2024-02-23T15:01:17+00:00","dateModified":"2024-02-23T16:31:18+00:00","mainEntityOfPage":{"@id":"https:\/\/xiqioracing.sk\/en\/xiqio-racing-team-smeruje-na-rajd-wisly-2023\/"},"wordCount":457,"commentCount":0,"publisher":{"@id":"https:\/\/xiqioracing.sk\/en\/#organization"},"inLanguage":"en-US","potentialAction":[{"@type":"CommentAction","name":"Comment","target":["https:\/\/xiqioracing.sk\/en\/xiqio-racing-team-smeruje-na-rajd-wisly-2023\/#respond"]}]},{"@type":"WebPage","@id":"https:\/\/xiqioracing.sk\/en\/xiqio-racing-team-smeruje-na-rajd-wisly-2023\/","url":"https:\/\/xiqioracing.sk\/en\/xiqio-racing-team-smeruje-na-rajd-wisly-2023\/","name":"XIQIO Racing Team smeruje na Rajd Wisly 2023 - XIQIO Racing","isPartOf":{"@id":"https:\/\/xiqioracing.sk\/en\/#website"},"datePublished":"2024-02-23T15:01:17+00:00","dateModified":"2024-02-23T16:31:18+00:00","breadcrumb":{"@id":"https:\/\/xiqioracing.sk\/en\/xiqio-racing-team-smeruje-na-rajd-wisly-2023\/#breadcrumb"},"inLanguage":"en-US","potentialAction":[{"@type":"ReadAction","target":["https:\/\/xiqioracing.sk\/en\/xiqio-racing-team-smeruje-na-rajd-wisly-2023\/"]}]},{"@type":"BreadcrumbList","@id":"https:\/\/xiqioracing.sk\/en\/xiqio-racing-team-smeruje-na-rajd-wisly-2023\/#breadcrumb","itemListElement":[{"@type":"ListItem","position":1,"name":"Domovsk\u00e1 str\u00e1nka","item":"https:\/\/xiqioracing.sk\/en\/"},{"@type":"ListItem","position":2,"name":"XIQIO Racing Team smeruje na Rajd Wisly 2023"}]},{"@type":"WebSite","@id":"https:\/\/xiqioracing.sk\/en\/#website","url":"https:\/\/xiqioracing.sk\/en\/","name":"XIQIO Racing","description":"","publisher":{"@id":"https:\/\/xiqioracing.sk\/en\/#organization"},"potentialAction":[{"@type":"SearchAction","target":{"@type":"EntryPoint","urlTemplate":"https:\/\/xiqioracing.sk\/en\/?s={search_term_string}"},"query-input":"required name=search_term_string"}],"inLanguage":"en-US"},{"@type":"Organization","@id":"https:\/\/xiqioracing.sk\/en\/#organization","name":"XIQIO Racing","url":"https:\/\/xiqioracing.sk\/en\/","logo":{"@type":"ImageObject","inLanguage":"en-US","@id":"https:\/\/xiqioracing.sk\/en\/#\/schema\/logo\/image\/","url":"https:\/\/xiqioracing.sk\/wp-content\/uploads\/2024\/02\/cropped-logo_x.png","contentUrl":"https:\/\/xiqioracing.sk\/wp-content\/uploads\/2024\/02\/cropped-logo_x.png","width":450,"height":150,"caption":"XIQIO Racing"},"image":{"@id":"https:\/\/xiqioracing.sk\/en\/#\/schema\/logo\/image\/"}},{"@type":"Person","@id":"https:\/\/xiqioracing.sk\/en\/#\/schema\/person\/f09b7fb258cf45e7f3a13cfb604ced0c","name":"mmajlath","image":{"@type":"ImageObject","inLanguage":"en-US","@id":"https:\/\/xiqioracing.sk\/en\/#\/schema\/person\/image\/","url":"https:\/\/secure.gravatar.com\/avatar\/277450cf2ad3e1bfb3161e04cabacf85b0b66fc6054c75b2245252fea3ee4456?s=96&d=mm&r=g","contentUrl":"https:\/\/secure.gravatar.com\/avatar\/277450cf2ad3e1bfb3161e04cabacf85b0b66fc6054c75b2245252fea3ee4456?s=96&d=mm&r=g","caption":"mmajlath"},"sameAs":["https:\/\/xiqioracing.sk"],"url":"https:\/\/xiqioracing.sk\/en\/author\/mmajlath\/"}]}},"_links":{"self":[{"href":"https:\/\/xiqioracing.sk\/en\/wp-json\/wp\/v2\/posts\/230","targetHints":{"allow":["GET"]}}],"collection":[{"href":"https:\/\/xiqioracing.sk\/en\/wp-json\/wp\/v2\/posts"}],"about":[{"href":"https:\/\/xiqioracing.sk\/en\/wp-json\/wp\/v2\/types\/post"}],"author":[{"embeddable":true,"href":"https:\/\/xiqioracing.sk\/en\/wp-json\/wp\/v2\/users\/1"}],"replies":[{"embeddable":true,"href":"https:\/\/xiqioracing.sk\/en\/wp-json\/wp\/v2\/comments?post=230"}],"version-history":[{"count":1,"href":"https:\/\/xiqioracing.sk\/en\/wp-json\/wp\/v2\/posts\/230\/revisions"}],"predecessor-version":[{"id":232,"href":"https:\/\/xiqioracing.sk\/en\/wp-json\/wp\/v2\/posts\/230\/revisions\/232"}],"wp:featuredmedia":[{"embeddable":true,"href":"https:\/\/xiqioracing.sk\/en\/wp-json\/wp\/v2\/media\/279"}],"wp:attachment":[{"href":"https:\/\/xiqioracing.sk\/en\/wp-json\/wp\/v2\/media?parent=230"}],"wp:term":[{"taxonomy":"category","embeddable":true,"href":"https:\/\/xiqioracing.sk\/en\/wp-json\/wp\/v2\/categories?post=230"},{"taxonomy":"post_tag","embeddable":true,"href":"https:\/\/xiqioracing.sk\/en\/wp-json\/wp\/v2\/tags?post=230"}],"curies":[{"name":"wp","href":"https:\/\/api.w.org\/{rel}","templated":true}]}}