{"id":236,"date":"2024-02-23T16:04:52","date_gmt":"2024-02-23T15:04:52","guid":{"rendered":"https:\/\/xiqioracing.sk\/?p=236"},"modified":"2024-02-23T16:04:52","modified_gmt":"2024-02-23T15:04:52","slug":"xiqio-racing-team-smeruje-opat-do-madarska-teraz-na-fia-erc","status":"publish","type":"post","link":"https:\/\/xiqioracing.sk\/en\/xiqio-racing-team-smeruje-opat-do-madarska-teraz-na-fia-erc\/","title":{"rendered":"XIQIO Racing Team smeruje op\u00e4\u0165 do Ma\u010farska, teraz na FIA ERC"},"content":{"rendered":"<p>\u0160portov\u00e9 seda\u010dky vozidla \u0160koda Fabia Rally2 evo po v\u00ed\u0165aznom podujat\u00ed v\u00a0Po\u013esku neostan\u00fa opusten\u00e9 ani po\u010das nadch\u00e1dzaj\u00faceho v\u00edkendu. Slovensk\u00fd t\u00edm toti\u017e smeruje do Ma\u010farska.<br><br>IV. Rally Hungary 2023 priv\u00edta v\u00a0d\u0148och 6. \u2013 8.10.2023 podujatie zaraden\u00e9 do seri\u00e1lu FIA European Rally Championship. Popri tejto vrcholnej s\u00fa\u0165a\u017ei sa bude kona\u0165 z\u00e1rove\u0148 aj posledn\u00e9 kolo ma\u010farsk\u00fdch rally majstrovstiev. V\u00a0nich u\u017e v\u00a0predstihu z\u00edskala absol\u00fatny majstrovsk\u00fd titul pos\u00e1dka Ferenc Vincze \u2013 N\u00e1ndor Percze jazdiaca s\u00a0vozidlom \u0160koda Fabia Rally2 evo slovensk\u00e9ho XIQIO Racing Teamu.<br><br>Okrem spom\u00ednanej pos\u00e1dky bud\u00fa ma\u0165 mo\u017enos\u0165 fan\u00fa\u0161ikovia na tratiach sledova\u0165 aj kompletn\u00fa eur\u00f3psku jazdeck\u00fa rally \u0161pi\u010dku. \u010co sa t\u00fdka techniky, tak tu to bude rovnako poriadna n\u00e1dielka, dvadsa\u0165p\u00e4\u0165 vozidiel najnov\u0161ej \u0161pecifik\u00e1cie Rally2, ako aj mno\u017estvo najnov\u0161\u00edch tov\u00e1rensk\u00fdch vozidiel v\u00a0in\u00fdch klasifik\u00e1ci\u00e1ch. Samotn\u00e1 s\u00fa\u0165a\u017e bude ma\u0165 centrum v\u00a0meste v\u00a0meste Nyiregyh\u00e1za a\u00a0r\u00fdchlostn\u00e9 sk\u00fa\u0161ky sa bud\u00fa kona\u0165 iba p\u00e1r kilometrov od slovensko-ma\u010farsk\u00fdch hran\u00edc. Ke\u010f\u017ee niektor\u00e9 \u00faseky r\u00fdchlostn\u00fdch sk\u00fa\u0161ok p\u00f4jdu iba nieko\u013eko desiatok metrov od hran\u00edc, ur\u010dite po\u010detn\u00fa div\u00e1cku kulisu bud\u00fa tvori\u0165 aj Slov\u00e1ci.<br><br><em>\u201eSom r\u00e1d, \u017ee po t\u00fd\u017edni sa na\u0161a \u0160koda Fabia Rally2 evo op\u00e4\u0165 zapoj\u00ed do s\u00fa\u0165a\u017ee. S\u00a0Ferencom a\u00a0N\u00e1ndorom sme absolvovali kompletn\u00fa rally sez\u00f3nu v\u00a0Ma\u010farsku, v\u00a0jej z\u00e1vere berieme absol\u00fatny titul Majstrov Ma\u010farska v\u00a0rally a\u00a0teraz sa spolo\u010dne z\u00fa\u010dastn\u00edme aj posledn\u00e9ho podujatia seri\u00e1lu FIA European Rally Championship. Bude to par\u00e1dne porovnanie s\u00a0eur\u00f3pskou \u0161pi\u010dkou a\u00a0ja pevne ver\u00edm, \u017ee dopadne dobre,\u201c <\/em>povedal Mari\u00e1n Mi\u010d\u00e1k, \u0161\u00e9f slovensk\u00e9ho XIQIO Racing Teamu.<br><br>Pri poh\u013eade na samotn\u00fa s\u00fa\u0165a\u017e, tu treba kon\u0161tatova\u0165, \u017ee organiz\u00e1tor IV. Rally Hungary 2023 pripravil s\u00fa\u0165a\u017e, ktor\u00e1 od\u0161tartuje v\u00a0d\u0148och 6. \u2013 8.10.2023. Celkov\u00fd po\u010det kilometrov bude takmer dev\u00e4\u0165sto. R\u00fdchlostn\u00fdch sk\u00fa\u0161ok bude dvan\u00e1s\u0165 a\u00a0ich spolo\u010dn\u00e1 d\u013a\u017eka bude ma\u0165 viac ako stoosemdesiat kilometrov. \u0160tart s\u00fa\u0165a\u017ee je napl\u00e1novan\u00fd na piatok, kedy s\u00fa\u0165a\u017eiaci absolvuj\u00fa najsk\u00f4r kvalifika\u010dn\u00fd test a\u00a0podve\u010der aj \u00favodn\u00fa r\u00fdchlostn\u00fa sk\u00fa\u0161ku na Rab\u00f3csiringu. V\u00a0sobotu \u00fa\u010dastn\u00edkov \u010dak\u00e1 sedem r\u00fdchlostn\u00fdch sk\u00fa\u0161ok a\u00a0v\u00a0nede\u013eu \u010fal\u0161\u00edch p\u00e4\u0165. Meno v\u00ed\u0165azov IV. Rally Hungary 2023 sa dozvieme v\u00a0nede\u013eu po 16 hodine 45 min\u00fate.<\/p>","protected":false},"excerpt":{"rendered":"<p>\u0160portov\u00e9 seda\u010dky vozidla \u0160koda Fabia Rally2 evo po v\u00ed\u0165aznom podujat\u00ed v\u00a0Po\u013esku neostan\u00fa opusten\u00e9 ani po\u010das nadch\u00e1dzaj\u00faceho v\u00edkendu. Slovensk\u00fd t\u00edm toti\u017e [&hellip;]<\/p>","protected":false},"author":1,"featured_media":237,"comment_status":"open","ping_status":"open","sticky":false,"template":"","format":"standard","meta":{"site-sidebar-layout":"default","site-content-layout":"","ast-site-content-layout":"","site-content-style":"default","site-sidebar-style":"default","ast-global-header-display":"","ast-banner-title-visibility":"","ast-main-header-display":"","ast-hfb-above-header-display":"","ast-hfb-below-header-display":"","ast-hfb-mobile-header-display":"","site-post-title":"","ast-breadcrumbs-content":"","ast-featured-img":"","footer-sml-layout":"","theme-transparent-header-meta":"","adv-header-id-meta":"","stick-header-meta":"","header-above-stick-meta":"","header-main-stick-meta":"","header-below-stick-meta":"","astra-migrate-meta-layouts":"default","ast-page-background-enabled":"default","ast-page-background-meta":{"desktop":{"background-color":"var(--ast-global-color-4)","background-image":"","background-repeat":"repeat","background-position":"center center","background-size":"auto","background-attachment":"scroll","background-type":"","background-media":"","overlay-type":"","overlay-color":"","overlay-gradient":""},"tablet":{"background-color":"","background-image":"","background-repeat":"repeat","background-position":"center center","background-size":"auto","background-attachment":"scroll","background-type":"","background-media":"","overlay-type":"","overlay-color":"","overlay-gradient":""},"mobile":{"background-color":"","background-image":"","background-repeat":"repeat","background-position":"center center","background-size":"auto","background-attachment":"scroll","background-type":"","background-media":"","overlay-type":"","overlay-color":"","overlay-gradient":""}},"ast-content-background-meta":{"desktop":{"background-color":"var(--ast-global-color-5)","background-image":"","background-repeat":"repeat","background-position":"center center","background-size":"auto","background-attachment":"scroll","background-type":"","background-media":"","overlay-type":"","overlay-color":"","overlay-gradient":""},"tablet":{"background-color":"var(--ast-global-color-5)","background-image":"","background-repeat":"repeat","background-position":"center center","background-size":"auto","background-attachment":"scroll","background-type":"","background-media":"","overlay-type":"","overlay-color":"","overlay-gradient":""},"mobile":{"background-color":"var(--ast-global-color-5)","background-image":"","background-repeat":"repeat","background-position":"center center","background-size":"auto","background-attachment":"scroll","background-type":"","background-media":"","overlay-type":"","overlay-color":"","overlay-gradient":""}},"footnotes":""},"categories":[1],"tags":[],"class_list":["post-236","post","type-post","status-publish","format-standard","has-post-thumbnail","hentry","category-uncategorized"],"yoast_head":"<!-- This site is optimized with the Yoast SEO plugin v22.1 - https:\/\/yoast.com\/wordpress\/plugins\/seo\/ -->\n<title>XIQIO Racing Team smeruje op\u00e4\u0165 do Ma\u010farska, teraz na FIA ERC - XIQIO Racing<\/title>\n<meta name=\"robots\" content=\"index, follow, max-snippet:-1, max-image-preview:large, max-video-preview:-1\" \/>\n<link rel=\"canonical\" href=\"https:\/\/xiqioracing.sk\/en\/xiqio-racing-team-smeruje-opat-do-madarska-teraz-na-fia-erc\/\" \/>\n<meta property=\"og:locale\" content=\"en_US\" \/>\n<meta property=\"og:type\" content=\"article\" \/>\n<meta property=\"og:title\" content=\"XIQIO Racing Team smeruje op\u00e4\u0165 do Ma\u010farska, teraz na FIA ERC - XIQIO Racing\" \/>\n<meta property=\"og:description\" content=\"\u0160portov\u00e9 seda\u010dky vozidla \u0160koda Fabia Rally2 evo po v\u00ed\u0165aznom podujat\u00ed v\u00a0Po\u013esku neostan\u00fa opusten\u00e9 ani po\u010das nadch\u00e1dzaj\u00faceho v\u00edkendu. Slovensk\u00fd t\u00edm toti\u017e [&hellip;]\" \/>\n<meta property=\"og:url\" content=\"https:\/\/xiqioracing.sk\/en\/xiqio-racing-team-smeruje-opat-do-madarska-teraz-na-fia-erc\/\" \/>\n<meta property=\"og:site_name\" content=\"XIQIO Racing\" \/>\n<meta property=\"article:published_time\" content=\"2024-02-23T15:04:52+00:00\" \/>\n<meta property=\"og:image\" content=\"https:\/\/xiqioracing.sk\/wp-content\/uploads\/2024\/02\/3-3.jpg\" \/>\n\t<meta property=\"og:image:width\" content=\"1024\" \/>\n\t<meta property=\"og:image:height\" content=\"682\" \/>\n\t<meta property=\"og:image:type\" content=\"image\/jpeg\" \/>\n<meta name=\"author\" content=\"mmajlath\" \/>\n<meta name=\"twitter:card\" content=\"summary_large_image\" \/>\n<meta name=\"twitter:label1\" content=\"Written by\" \/>\n\t<meta name=\"twitter:data1\" content=\"mmajlath\" \/>\n\t<meta name=\"twitter:label2\" content=\"Est. reading time\" \/>\n\t<meta name=\"twitter:data2\" content=\"2 minutes\" \/>\n<script type=\"application\/ld+json\" class=\"yoast-schema-graph\">{\"@context\":\"https:\/\/schema.org\",\"@graph\":[{\"@type\":\"Article\",\"@id\":\"https:\/\/xiqioracing.sk\/en\/xiqio-racing-team-smeruje-opat-do-madarska-teraz-na-fia-erc\/#article\",\"isPartOf\":{\"@id\":\"https:\/\/xiqioracing.sk\/en\/xiqio-racing-team-smeruje-opat-do-madarska-teraz-na-fia-erc\/\"},\"author\":{\"name\":\"mmajlath\",\"@id\":\"https:\/\/xiqioracing.sk\/en\/#\/schema\/person\/f09b7fb258cf45e7f3a13cfb604ced0c\"},\"headline\":\"XIQIO Racing Team smeruje op\u00e4\u0165 do Ma\u010farska, teraz na FIA ERC\",\"datePublished\":\"2024-02-23T15:04:52+00:00\",\"dateModified\":\"2024-02-23T15:04:52+00:00\",\"mainEntityOfPage\":{\"@id\":\"https:\/\/xiqioracing.sk\/en\/xiqio-racing-team-smeruje-opat-do-madarska-teraz-na-fia-erc\/\"},\"wordCount\":443,\"commentCount\":0,\"publisher\":{\"@id\":\"https:\/\/xiqioracing.sk\/en\/#organization\"},\"inLanguage\":\"en-US\",\"potentialAction\":[{\"@type\":\"CommentAction\",\"name\":\"Comment\",\"target\":[\"https:\/\/xiqioracing.sk\/en\/xiqio-racing-team-smeruje-opat-do-madarska-teraz-na-fia-erc\/#respond\"]}]},{\"@type\":\"WebPage\",\"@id\":\"https:\/\/xiqioracing.sk\/en\/xiqio-racing-team-smeruje-opat-do-madarska-teraz-na-fia-erc\/\",\"url\":\"https:\/\/xiqioracing.sk\/en\/xiqio-racing-team-smeruje-opat-do-madarska-teraz-na-fia-erc\/\",\"name\":\"XIQIO Racing Team smeruje op\u00e4\u0165 do Ma\u010farska, teraz na FIA ERC - XIQIO Racing\",\"isPartOf\":{\"@id\":\"https:\/\/xiqioracing.sk\/en\/#website\"},\"datePublished\":\"2024-02-23T15:04:52+00:00\",\"dateModified\":\"2024-02-23T15:04:52+00:00\",\"breadcrumb\":{\"@id\":\"https:\/\/xiqioracing.sk\/en\/xiqio-racing-team-smeruje-opat-do-madarska-teraz-na-fia-erc\/#breadcrumb\"},\"inLanguage\":\"en-US\",\"potentialAction\":[{\"@type\":\"ReadAction\",\"target\":[\"https:\/\/xiqioracing.sk\/en\/xiqio-racing-team-smeruje-opat-do-madarska-teraz-na-fia-erc\/\"]}]},{\"@type\":\"BreadcrumbList\",\"@id\":\"https:\/\/xiqioracing.sk\/en\/xiqio-racing-team-smeruje-opat-do-madarska-teraz-na-fia-erc\/#breadcrumb\",\"itemListElement\":[{\"@type\":\"ListItem\",\"position\":1,\"name\":\"Domovsk\u00e1 str\u00e1nka\",\"item\":\"https:\/\/xiqioracing.sk\/en\/\"},{\"@type\":\"ListItem\",\"position\":2,\"name\":\"XIQIO Racing Team smeruje op\u00e4\u0165 do Ma\u010farska, teraz na FIA ERC\"}]},{\"@type\":\"WebSite\",\"@id\":\"https:\/\/xiqioracing.sk\/en\/#website\",\"url\":\"https:\/\/xiqioracing.sk\/en\/\",\"name\":\"XIQIO Racing\",\"description\":\"\",\"publisher\":{\"@id\":\"https:\/\/xiqioracing.sk\/en\/#organization\"},\"potentialAction\":[{\"@type\":\"SearchAction\",\"target\":{\"@type\":\"EntryPoint\",\"urlTemplate\":\"https:\/\/xiqioracing.sk\/en\/?s={search_term_string}\"},\"query-input\":\"required name=search_term_string\"}],\"inLanguage\":\"en-US\"},{\"@type\":\"Organization\",\"@id\":\"https:\/\/xiqioracing.sk\/en\/#organization\",\"name\":\"XIQIO Racing\",\"url\":\"https:\/\/xiqioracing.sk\/en\/\",\"logo\":{\"@type\":\"ImageObject\",\"inLanguage\":\"en-US\",\"@id\":\"https:\/\/xiqioracing.sk\/en\/#\/schema\/logo\/image\/\",\"url\":\"https:\/\/xiqioracing.sk\/wp-content\/uploads\/2024\/02\/cropped-logo_x.png\",\"contentUrl\":\"https:\/\/xiqioracing.sk\/wp-content\/uploads\/2024\/02\/cropped-logo_x.png\",\"width\":450,\"height\":150,\"caption\":\"XIQIO Racing\"},\"image\":{\"@id\":\"https:\/\/xiqioracing.sk\/en\/#\/schema\/logo\/image\/\"}},{\"@type\":\"Person\",\"@id\":\"https:\/\/xiqioracing.sk\/en\/#\/schema\/person\/f09b7fb258cf45e7f3a13cfb604ced0c\",\"name\":\"mmajlath\",\"image\":{\"@type\":\"ImageObject\",\"inLanguage\":\"en-US\",\"@id\":\"https:\/\/xiqioracing.sk\/en\/#\/schema\/person\/image\/\",\"url\":\"https:\/\/secure.gravatar.com\/avatar\/277450cf2ad3e1bfb3161e04cabacf85b0b66fc6054c75b2245252fea3ee4456?s=96&d=mm&r=g\",\"contentUrl\":\"https:\/\/secure.gravatar.com\/avatar\/277450cf2ad3e1bfb3161e04cabacf85b0b66fc6054c75b2245252fea3ee4456?s=96&d=mm&r=g\",\"caption\":\"mmajlath\"},\"sameAs\":[\"https:\/\/xiqioracing.sk\"],\"url\":\"https:\/\/xiqioracing.sk\/en\/author\/mmajlath\/\"}]}<\/script>\n<!-- \/ Yoast SEO plugin. -->","yoast_head_json":{"title":"XIQIO Racing Team smeruje op\u00e4\u0165 do Ma\u010farska, teraz na FIA ERC - XIQIO Racing","robots":{"index":"index","follow":"follow","max-snippet":"max-snippet:-1","max-image-preview":"max-image-preview:large","max-video-preview":"max-video-preview:-1"},"canonical":"https:\/\/xiqioracing.sk\/en\/xiqio-racing-team-smeruje-opat-do-madarska-teraz-na-fia-erc\/","og_locale":"en_US","og_type":"article","og_title":"XIQIO Racing Team smeruje op\u00e4\u0165 do Ma\u010farska, teraz na FIA ERC - XIQIO Racing","og_description":"\u0160portov\u00e9 seda\u010dky vozidla \u0160koda Fabia Rally2 evo po v\u00ed\u0165aznom podujat\u00ed v\u00a0Po\u013esku neostan\u00fa opusten\u00e9 ani po\u010das nadch\u00e1dzaj\u00faceho v\u00edkendu. Slovensk\u00fd t\u00edm toti\u017e [&hellip;]","og_url":"https:\/\/xiqioracing.sk\/en\/xiqio-racing-team-smeruje-opat-do-madarska-teraz-na-fia-erc\/","og_site_name":"XIQIO Racing","article_published_time":"2024-02-23T15:04:52+00:00","og_image":[{"width":1024,"height":682,"url":"https:\/\/xiqioracing.sk\/wp-content\/uploads\/2024\/02\/3-3.jpg","type":"image\/jpeg"}],"author":"mmajlath","twitter_card":"summary_large_image","twitter_misc":{"Written by":"mmajlath","Est. reading time":"2 minutes"},"schema":{"@context":"https:\/\/schema.org","@graph":[{"@type":"Article","@id":"https:\/\/xiqioracing.sk\/en\/xiqio-racing-team-smeruje-opat-do-madarska-teraz-na-fia-erc\/#article","isPartOf":{"@id":"https:\/\/xiqioracing.sk\/en\/xiqio-racing-team-smeruje-opat-do-madarska-teraz-na-fia-erc\/"},"author":{"name":"mmajlath","@id":"https:\/\/xiqioracing.sk\/en\/#\/schema\/person\/f09b7fb258cf45e7f3a13cfb604ced0c"},"headline":"XIQIO Racing Team smeruje op\u00e4\u0165 do Ma\u010farska, teraz na FIA ERC","datePublished":"2024-02-23T15:04:52+00:00","dateModified":"2024-02-23T15:04:52+00:00","mainEntityOfPage":{"@id":"https:\/\/xiqioracing.sk\/en\/xiqio-racing-team-smeruje-opat-do-madarska-teraz-na-fia-erc\/"},"wordCount":443,"commentCount":0,"publisher":{"@id":"https:\/\/xiqioracing.sk\/en\/#organization"},"inLanguage":"en-US","potentialAction":[{"@type":"CommentAction","name":"Comment","target":["https:\/\/xiqioracing.sk\/en\/xiqio-racing-team-smeruje-opat-do-madarska-teraz-na-fia-erc\/#respond"]}]},{"@type":"WebPage","@id":"https:\/\/xiqioracing.sk\/en\/xiqio-racing-team-smeruje-opat-do-madarska-teraz-na-fia-erc\/","url":"https:\/\/xiqioracing.sk\/en\/xiqio-racing-team-smeruje-opat-do-madarska-teraz-na-fia-erc\/","name":"XIQIO Racing Team smeruje op\u00e4\u0165 do Ma\u010farska, teraz na FIA ERC - XIQIO Racing","isPartOf":{"@id":"https:\/\/xiqioracing.sk\/en\/#website"},"datePublished":"2024-02-23T15:04:52+00:00","dateModified":"2024-02-23T15:04:52+00:00","breadcrumb":{"@id":"https:\/\/xiqioracing.sk\/en\/xiqio-racing-team-smeruje-opat-do-madarska-teraz-na-fia-erc\/#breadcrumb"},"inLanguage":"en-US","potentialAction":[{"@type":"ReadAction","target":["https:\/\/xiqioracing.sk\/en\/xiqio-racing-team-smeruje-opat-do-madarska-teraz-na-fia-erc\/"]}]},{"@type":"BreadcrumbList","@id":"https:\/\/xiqioracing.sk\/en\/xiqio-racing-team-smeruje-opat-do-madarska-teraz-na-fia-erc\/#breadcrumb","itemListElement":[{"@type":"ListItem","position":1,"name":"Domovsk\u00e1 str\u00e1nka","item":"https:\/\/xiqioracing.sk\/en\/"},{"@type":"ListItem","position":2,"name":"XIQIO Racing Team smeruje op\u00e4\u0165 do Ma\u010farska, teraz na FIA ERC"}]},{"@type":"WebSite","@id":"https:\/\/xiqioracing.sk\/en\/#website","url":"https:\/\/xiqioracing.sk\/en\/","name":"XIQIO Racing","description":"","publisher":{"@id":"https:\/\/xiqioracing.sk\/en\/#organization"},"potentialAction":[{"@type":"SearchAction","target":{"@type":"EntryPoint","urlTemplate":"https:\/\/xiqioracing.sk\/en\/?s={search_term_string}"},"query-input":"required name=search_term_string"}],"inLanguage":"en-US"},{"@type":"Organization","@id":"https:\/\/xiqioracing.sk\/en\/#organization","name":"XIQIO Racing","url":"https:\/\/xiqioracing.sk\/en\/","logo":{"@type":"ImageObject","inLanguage":"en-US","@id":"https:\/\/xiqioracing.sk\/en\/#\/schema\/logo\/image\/","url":"https:\/\/xiqioracing.sk\/wp-content\/uploads\/2024\/02\/cropped-logo_x.png","contentUrl":"https:\/\/xiqioracing.sk\/wp-content\/uploads\/2024\/02\/cropped-logo_x.png","width":450,"height":150,"caption":"XIQIO Racing"},"image":{"@id":"https:\/\/xiqioracing.sk\/en\/#\/schema\/logo\/image\/"}},{"@type":"Person","@id":"https:\/\/xiqioracing.sk\/en\/#\/schema\/person\/f09b7fb258cf45e7f3a13cfb604ced0c","name":"mmajlath","image":{"@type":"ImageObject","inLanguage":"en-US","@id":"https:\/\/xiqioracing.sk\/en\/#\/schema\/person\/image\/","url":"https:\/\/secure.gravatar.com\/avatar\/277450cf2ad3e1bfb3161e04cabacf85b0b66fc6054c75b2245252fea3ee4456?s=96&d=mm&r=g","contentUrl":"https:\/\/secure.gravatar.com\/avatar\/277450cf2ad3e1bfb3161e04cabacf85b0b66fc6054c75b2245252fea3ee4456?s=96&d=mm&r=g","caption":"mmajlath"},"sameAs":["https:\/\/xiqioracing.sk"],"url":"https:\/\/xiqioracing.sk\/en\/author\/mmajlath\/"}]}},"_links":{"self":[{"href":"https:\/\/xiqioracing.sk\/en\/wp-json\/wp\/v2\/posts\/236","targetHints":{"allow":["GET"]}}],"collection":[{"href":"https:\/\/xiqioracing.sk\/en\/wp-json\/wp\/v2\/posts"}],"about":[{"href":"https:\/\/xiqioracing.sk\/en\/wp-json\/wp\/v2\/types\/post"}],"author":[{"embeddable":true,"href":"https:\/\/xiqioracing.sk\/en\/wp-json\/wp\/v2\/users\/1"}],"replies":[{"embeddable":true,"href":"https:\/\/xiqioracing.sk\/en\/wp-json\/wp\/v2\/comments?post=236"}],"version-history":[{"count":1,"href":"https:\/\/xiqioracing.sk\/en\/wp-json\/wp\/v2\/posts\/236\/revisions"}],"predecessor-version":[{"id":238,"href":"https:\/\/xiqioracing.sk\/en\/wp-json\/wp\/v2\/posts\/236\/revisions\/238"}],"wp:featuredmedia":[{"embeddable":true,"href":"https:\/\/xiqioracing.sk\/en\/wp-json\/wp\/v2\/media\/237"}],"wp:attachment":[{"href":"https:\/\/xiqioracing.sk\/en\/wp-json\/wp\/v2\/media?parent=236"}],"wp:term":[{"taxonomy":"category","embeddable":true,"href":"https:\/\/xiqioracing.sk\/en\/wp-json\/wp\/v2\/categories?post=236"},{"taxonomy":"post_tag","embeddable":true,"href":"https:\/\/xiqioracing.sk\/en\/wp-json\/wp\/v2\/tags?post=236"}],"curies":[{"name":"wp","href":"https:\/\/api.w.org\/{rel}","templated":true}]}}