{"id":264,"date":"2024-02-23T14:50:48","date_gmt":"2024-02-23T13:50:48","guid":{"rendered":"https:\/\/xiqioracing.sk\/?p=264"},"modified":"2024-02-23T16:31:33","modified_gmt":"2024-02-23T15:31:33","slug":"skoda-fabia-rally2-evo-slovenskeho-xiqio-racing-teamu-vitazi-na-salgo-rally","status":"publish","type":"post","link":"https:\/\/xiqioracing.sk\/en\/skoda-fabia-rally2-evo-slovenskeho-xiqio-racing-teamu-vitazi-na-salgo-rally\/","title":{"rendered":"\u0160koda Fabia Rally2 evo slovensk\u00e9ho XIQIO Racing Teamu v\u00ed\u0165az\u00ed na Salg\u00f3 Rally"},"content":{"rendered":"<p>Pos\u00e1dka Vincze \u2013 Percze so slovenskou \u0160kodou Fabia Rally2 evo zv\u00ed\u0165azila na Salg\u00f3 Rally 2003.<br><br>Absol\u00fatnym v\u00ed\u0165azstvom s\u00fa\u0165a\u017enej pos\u00e1dky Ferenc Vincze \u2013 N\u00e1ndor Percze skon\u010dilo druh\u00e9 kolo ma\u010farsk\u00fdch rally majstrovstiev \u2013 Salg\u00f3 Rally 2023. Pos\u00e1dka jazdiaca na vozidle \u0160koda Fabia Rally2 evo slovensk\u00e9ho XIQIO Racing Teamu ovl\u00e1dla u\u017e po\u010das prvej etapy podujatie Salg\u00f3 Rally 2023, ke\u010f vyhrala v\u0161etky r\u00fdchlostn\u00e9 sk\u00fa\u0161ky, okrem jednej. Druh\u00e1 etapa s\u00fa\u0165a\u017ee mala rovnak\u00fd priebeh, pri\u010dom s\u00fa\u0165a\u017en\u00e1 pos\u00e1dka vyhrala okrem jedinej r\u00fdchlostnej sk\u00fa\u0161ky v\u0161etky ostatn\u00e9. V\u00a0cieli dvojetapovej s\u00fa\u0165a\u017ee tak Ferencovi s\u00a0N\u00e1ndorom patrilo absol\u00fatne v\u00ed\u0165azstvo v\u00a0r\u00e1mci Salg\u00f3 Rally 2023 a\u00a0s\u00a0t\u00fdm spojen\u00fd pln\u00fd po\u010det bodov v\u00a0r\u00e1mci ma\u010farsk\u00fdch rally majstrovstiev. Od druhej pos\u00e1dky absol\u00fatneho poradia ich pritom v\u00a0cieli celej s\u00fa\u0165a\u017ee delilo viac ako pol min\u00faty.<br><br><em>\u201eS\u00fa\u0165a\u017e bola ve\u013emi n\u00e1ro\u010dn\u00e1 a\u00a0s\u00faboje v\u00a0jednotliv\u00fdch r\u00fdchlostn\u00fdch sk\u00fa\u0161kach ve\u013emi tesn\u00e9. Ferencovi a\u00a0N\u00e1ndorovi gratulujem k\u00a0\u010fal\u0161iemu perfektn\u00e9mu v\u00fdkonu a\u00a0super v\u00fdsledku. Som r\u00e1d, \u017ee na\u0161a \u0160koda Fabia Rally2 evo fungovala \u0161pi\u010dkovo a\u00a0chalani sa tak mali mo\u017enos\u0165 plne venova\u0165 svojej pr\u00e1ci. Ak vezmeme v\u00a0\u00favahu fakt, \u017ee na \u0161tarte bolo viac ako stotridsa\u0165 s\u00fa\u0165a\u017en\u00fdch pos\u00e1dok, z\u00a0ktor\u00fdch sa mnoh\u00e9 nevyhli technick\u00fdm poruch\u00e1m, \u010di hav\u00e1ri\u00e1m, som nadmieru spokojn\u00fd. Pos\u00e1dka doviezla na\u0161e auto do cie\u013ea bez ak\u00e9hoko\u013evek po\u0161kodenia. Samozrejme to neznamen\u00e1, \u017ee by sme \u0160kodu Fabia Rally2 evo kompletne neskontrolovali. Treba ju toti\u017e pripravi\u0165 na \u010fal\u0161iu s\u00fa\u0165a\u017e,\u201c <\/em>povedal Mari\u00e1n Mi\u010d\u00e1k, \u0161\u00e9f slovensk\u00e9ho XIQIO Racing Teamu.<br><br>\u0160koda Fabia Rally2 evo, slovensk\u00e9ho XIQIO Racing Teamu sa predstav\u00ed s\u00a0pos\u00e1dkou Ferenc Vincze \u2013 N\u00e1ndor Percze na rally tratiach znova u\u017e o\u00a0tri t\u00fd\u017edne, ke\u010f bude \u0161tartova\u0165 na 56. Mecsek Rally 2023.<\/p>","protected":false},"excerpt":{"rendered":"<p>Pos\u00e1dka Vincze \u2013 Percze so slovenskou \u0160kodou Fabia Rally2 evo zv\u00ed\u0165azila na Salg\u00f3 Rally 2003. Absol\u00fatnym v\u00ed\u0165azstvom s\u00fa\u0165a\u017enej pos\u00e1dky Ferenc [&hellip;]<\/p>","protected":false},"author":1,"featured_media":265,"comment_status":"open","ping_status":"open","sticky":false,"template":"","format":"standard","meta":{"site-sidebar-layout":"default","site-content-layout":"","ast-site-content-layout":"","site-content-style":"default","site-sidebar-style":"default","ast-global-header-display":"","ast-banner-title-visibility":"","ast-main-header-display":"","ast-hfb-above-header-display":"","ast-hfb-below-header-display":"","ast-hfb-mobile-header-display":"","site-post-title":"","ast-breadcrumbs-content":"","ast-featured-img":"","footer-sml-layout":"","theme-transparent-header-meta":"","adv-header-id-meta":"","stick-header-meta":"","header-above-stick-meta":"","header-main-stick-meta":"","header-below-stick-meta":"","astra-migrate-meta-layouts":"default","ast-page-background-enabled":"default","ast-page-background-meta":{"desktop":{"background-color":"var(--ast-global-color-4)","background-image":"","background-repeat":"repeat","background-position":"center center","background-size":"auto","background-attachment":"scroll","background-type":"","background-media":"","overlay-type":"","overlay-color":"","overlay-gradient":""},"tablet":{"background-color":"","background-image":"","background-repeat":"repeat","background-position":"center center","background-size":"auto","background-attachment":"scroll","background-type":"","background-media":"","overlay-type":"","overlay-color":"","overlay-gradient":""},"mobile":{"background-color":"","background-image":"","background-repeat":"repeat","background-position":"center center","background-size":"auto","background-attachment":"scroll","background-type":"","background-media":"","overlay-type":"","overlay-color":"","overlay-gradient":""}},"ast-content-background-meta":{"desktop":{"background-color":"var(--ast-global-color-5)","background-image":"","background-repeat":"repeat","background-position":"center center","background-size":"auto","background-attachment":"scroll","background-type":"","background-media":"","overlay-type":"","overlay-color":"","overlay-gradient":""},"tablet":{"background-color":"var(--ast-global-color-5)","background-image":"","background-repeat":"repeat","background-position":"center center","background-size":"auto","background-attachment":"scroll","background-type":"","background-media":"","overlay-type":"","overlay-color":"","overlay-gradient":""},"mobile":{"background-color":"var(--ast-global-color-5)","background-image":"","background-repeat":"repeat","background-position":"center center","background-size":"auto","background-attachment":"scroll","background-type":"","background-media":"","overlay-type":"","overlay-color":"","overlay-gradient":""}},"footnotes":""},"categories":[1],"tags":[],"class_list":["post-264","post","type-post","status-publish","format-standard","has-post-thumbnail","hentry","category-uncategorized"],"yoast_head":"<!-- This site is optimized with the Yoast SEO plugin v22.1 - https:\/\/yoast.com\/wordpress\/plugins\/seo\/ -->\n<title>\u0160koda Fabia Rally2 evo slovensk\u00e9ho XIQIO Racing Teamu v\u00ed\u0165az\u00ed na Salg\u00f3 Rally - XIQIO Racing<\/title>\n<meta name=\"robots\" content=\"index, follow, max-snippet:-1, max-image-preview:large, max-video-preview:-1\" \/>\n<link rel=\"canonical\" href=\"https:\/\/xiqioracing.sk\/en\/skoda-fabia-rally2-evo-slovenskeho-xiqio-racing-teamu-vitazi-na-salgo-rally\/\" \/>\n<meta property=\"og:locale\" content=\"en_US\" \/>\n<meta property=\"og:type\" content=\"article\" \/>\n<meta property=\"og:title\" content=\"\u0160koda Fabia Rally2 evo slovensk\u00e9ho XIQIO Racing Teamu v\u00ed\u0165az\u00ed na Salg\u00f3 Rally - XIQIO Racing\" \/>\n<meta property=\"og:description\" content=\"Pos\u00e1dka Vincze \u2013 Percze so slovenskou \u0160kodou Fabia Rally2 evo zv\u00ed\u0165azila na Salg\u00f3 Rally 2003. Absol\u00fatnym v\u00ed\u0165azstvom s\u00fa\u0165a\u017enej pos\u00e1dky Ferenc [&hellip;]\" \/>\n<meta property=\"og:url\" content=\"https:\/\/xiqioracing.sk\/en\/skoda-fabia-rally2-evo-slovenskeho-xiqio-racing-teamu-vitazi-na-salgo-rally\/\" \/>\n<meta property=\"og:site_name\" content=\"XIQIO Racing\" \/>\n<meta property=\"article:published_time\" content=\"2024-02-23T13:50:48+00:00\" \/>\n<meta property=\"article:modified_time\" content=\"2024-02-23T15:31:33+00:00\" \/>\n<meta property=\"og:image\" content=\"https:\/\/xiqioracing.sk\/wp-content\/uploads\/2024\/02\/350193585_2842303492573701_2079785829816822175_n-1.jpg\" \/>\n\t<meta property=\"og:image:width\" content=\"1179\" \/>\n\t<meta property=\"og:image:height\" content=\"786\" \/>\n\t<meta property=\"og:image:type\" content=\"image\/jpeg\" \/>\n<meta name=\"author\" content=\"mmajlath\" \/>\n<meta name=\"twitter:card\" content=\"summary_large_image\" \/>\n<meta name=\"twitter:label1\" content=\"Written by\" \/>\n\t<meta name=\"twitter:data1\" content=\"mmajlath\" \/>\n\t<meta name=\"twitter:label2\" content=\"Est. reading time\" \/>\n\t<meta name=\"twitter:data2\" content=\"2 minutes\" \/>\n<script type=\"application\/ld+json\" class=\"yoast-schema-graph\">{\"@context\":\"https:\/\/schema.org\",\"@graph\":[{\"@type\":\"Article\",\"@id\":\"https:\/\/xiqioracing.sk\/en\/skoda-fabia-rally2-evo-slovenskeho-xiqio-racing-teamu-vitazi-na-salgo-rally\/#article\",\"isPartOf\":{\"@id\":\"https:\/\/xiqioracing.sk\/en\/skoda-fabia-rally2-evo-slovenskeho-xiqio-racing-teamu-vitazi-na-salgo-rally\/\"},\"author\":{\"name\":\"mmajlath\",\"@id\":\"https:\/\/xiqioracing.sk\/en\/#\/schema\/person\/f09b7fb258cf45e7f3a13cfb604ced0c\"},\"headline\":\"\u0160koda Fabia Rally2 evo slovensk\u00e9ho XIQIO Racing Teamu v\u00ed\u0165az\u00ed na Salg\u00f3 Rally\",\"datePublished\":\"2024-02-23T13:50:48+00:00\",\"dateModified\":\"2024-02-23T15:31:33+00:00\",\"mainEntityOfPage\":{\"@id\":\"https:\/\/xiqioracing.sk\/en\/skoda-fabia-rally2-evo-slovenskeho-xiqio-racing-teamu-vitazi-na-salgo-rally\/\"},\"wordCount\":351,\"commentCount\":0,\"publisher\":{\"@id\":\"https:\/\/xiqioracing.sk\/en\/#organization\"},\"inLanguage\":\"en-US\",\"potentialAction\":[{\"@type\":\"CommentAction\",\"name\":\"Comment\",\"target\":[\"https:\/\/xiqioracing.sk\/en\/skoda-fabia-rally2-evo-slovenskeho-xiqio-racing-teamu-vitazi-na-salgo-rally\/#respond\"]}]},{\"@type\":\"WebPage\",\"@id\":\"https:\/\/xiqioracing.sk\/en\/skoda-fabia-rally2-evo-slovenskeho-xiqio-racing-teamu-vitazi-na-salgo-rally\/\",\"url\":\"https:\/\/xiqioracing.sk\/en\/skoda-fabia-rally2-evo-slovenskeho-xiqio-racing-teamu-vitazi-na-salgo-rally\/\",\"name\":\"\u0160koda Fabia Rally2 evo slovensk\u00e9ho XIQIO Racing Teamu v\u00ed\u0165az\u00ed na Salg\u00f3 Rally - XIQIO Racing\",\"isPartOf\":{\"@id\":\"https:\/\/xiqioracing.sk\/en\/#website\"},\"datePublished\":\"2024-02-23T13:50:48+00:00\",\"dateModified\":\"2024-02-23T15:31:33+00:00\",\"breadcrumb\":{\"@id\":\"https:\/\/xiqioracing.sk\/en\/skoda-fabia-rally2-evo-slovenskeho-xiqio-racing-teamu-vitazi-na-salgo-rally\/#breadcrumb\"},\"inLanguage\":\"en-US\",\"potentialAction\":[{\"@type\":\"ReadAction\",\"target\":[\"https:\/\/xiqioracing.sk\/en\/skoda-fabia-rally2-evo-slovenskeho-xiqio-racing-teamu-vitazi-na-salgo-rally\/\"]}]},{\"@type\":\"BreadcrumbList\",\"@id\":\"https:\/\/xiqioracing.sk\/en\/skoda-fabia-rally2-evo-slovenskeho-xiqio-racing-teamu-vitazi-na-salgo-rally\/#breadcrumb\",\"itemListElement\":[{\"@type\":\"ListItem\",\"position\":1,\"name\":\"Domovsk\u00e1 str\u00e1nka\",\"item\":\"https:\/\/xiqioracing.sk\/en\/\"},{\"@type\":\"ListItem\",\"position\":2,\"name\":\"\u0160koda Fabia Rally2 evo slovensk\u00e9ho XIQIO Racing Teamu v\u00ed\u0165az\u00ed na Salg\u00f3 Rally\"}]},{\"@type\":\"WebSite\",\"@id\":\"https:\/\/xiqioracing.sk\/en\/#website\",\"url\":\"https:\/\/xiqioracing.sk\/en\/\",\"name\":\"XIQIO Racing\",\"description\":\"\",\"publisher\":{\"@id\":\"https:\/\/xiqioracing.sk\/en\/#organization\"},\"potentialAction\":[{\"@type\":\"SearchAction\",\"target\":{\"@type\":\"EntryPoint\",\"urlTemplate\":\"https:\/\/xiqioracing.sk\/en\/?s={search_term_string}\"},\"query-input\":\"required name=search_term_string\"}],\"inLanguage\":\"en-US\"},{\"@type\":\"Organization\",\"@id\":\"https:\/\/xiqioracing.sk\/en\/#organization\",\"name\":\"XIQIO Racing\",\"url\":\"https:\/\/xiqioracing.sk\/en\/\",\"logo\":{\"@type\":\"ImageObject\",\"inLanguage\":\"en-US\",\"@id\":\"https:\/\/xiqioracing.sk\/en\/#\/schema\/logo\/image\/\",\"url\":\"https:\/\/xiqioracing.sk\/wp-content\/uploads\/2024\/02\/cropped-logo_x.png\",\"contentUrl\":\"https:\/\/xiqioracing.sk\/wp-content\/uploads\/2024\/02\/cropped-logo_x.png\",\"width\":450,\"height\":150,\"caption\":\"XIQIO Racing\"},\"image\":{\"@id\":\"https:\/\/xiqioracing.sk\/en\/#\/schema\/logo\/image\/\"}},{\"@type\":\"Person\",\"@id\":\"https:\/\/xiqioracing.sk\/en\/#\/schema\/person\/f09b7fb258cf45e7f3a13cfb604ced0c\",\"name\":\"mmajlath\",\"image\":{\"@type\":\"ImageObject\",\"inLanguage\":\"en-US\",\"@id\":\"https:\/\/xiqioracing.sk\/en\/#\/schema\/person\/image\/\",\"url\":\"https:\/\/secure.gravatar.com\/avatar\/277450cf2ad3e1bfb3161e04cabacf85b0b66fc6054c75b2245252fea3ee4456?s=96&d=mm&r=g\",\"contentUrl\":\"https:\/\/secure.gravatar.com\/avatar\/277450cf2ad3e1bfb3161e04cabacf85b0b66fc6054c75b2245252fea3ee4456?s=96&d=mm&r=g\",\"caption\":\"mmajlath\"},\"sameAs\":[\"https:\/\/xiqioracing.sk\"],\"url\":\"https:\/\/xiqioracing.sk\/en\/author\/mmajlath\/\"}]}<\/script>\n<!-- \/ Yoast SEO plugin. -->","yoast_head_json":{"title":"\u0160koda Fabia Rally2 evo slovensk\u00e9ho XIQIO Racing Teamu v\u00ed\u0165az\u00ed na Salg\u00f3 Rally - XIQIO Racing","robots":{"index":"index","follow":"follow","max-snippet":"max-snippet:-1","max-image-preview":"max-image-preview:large","max-video-preview":"max-video-preview:-1"},"canonical":"https:\/\/xiqioracing.sk\/en\/skoda-fabia-rally2-evo-slovenskeho-xiqio-racing-teamu-vitazi-na-salgo-rally\/","og_locale":"en_US","og_type":"article","og_title":"\u0160koda Fabia Rally2 evo slovensk\u00e9ho XIQIO Racing Teamu v\u00ed\u0165az\u00ed na Salg\u00f3 Rally - XIQIO Racing","og_description":"Pos\u00e1dka Vincze \u2013 Percze so slovenskou \u0160kodou Fabia Rally2 evo zv\u00ed\u0165azila na Salg\u00f3 Rally 2003. Absol\u00fatnym v\u00ed\u0165azstvom s\u00fa\u0165a\u017enej pos\u00e1dky Ferenc [&hellip;]","og_url":"https:\/\/xiqioracing.sk\/en\/skoda-fabia-rally2-evo-slovenskeho-xiqio-racing-teamu-vitazi-na-salgo-rally\/","og_site_name":"XIQIO Racing","article_published_time":"2024-02-23T13:50:48+00:00","article_modified_time":"2024-02-23T15:31:33+00:00","og_image":[{"width":1179,"height":786,"url":"https:\/\/xiqioracing.sk\/wp-content\/uploads\/2024\/02\/350193585_2842303492573701_2079785829816822175_n-1.jpg","type":"image\/jpeg"}],"author":"mmajlath","twitter_card":"summary_large_image","twitter_misc":{"Written by":"mmajlath","Est. reading time":"2 minutes"},"schema":{"@context":"https:\/\/schema.org","@graph":[{"@type":"Article","@id":"https:\/\/xiqioracing.sk\/en\/skoda-fabia-rally2-evo-slovenskeho-xiqio-racing-teamu-vitazi-na-salgo-rally\/#article","isPartOf":{"@id":"https:\/\/xiqioracing.sk\/en\/skoda-fabia-rally2-evo-slovenskeho-xiqio-racing-teamu-vitazi-na-salgo-rally\/"},"author":{"name":"mmajlath","@id":"https:\/\/xiqioracing.sk\/en\/#\/schema\/person\/f09b7fb258cf45e7f3a13cfb604ced0c"},"headline":"\u0160koda Fabia Rally2 evo slovensk\u00e9ho XIQIO Racing Teamu v\u00ed\u0165az\u00ed na Salg\u00f3 Rally","datePublished":"2024-02-23T13:50:48+00:00","dateModified":"2024-02-23T15:31:33+00:00","mainEntityOfPage":{"@id":"https:\/\/xiqioracing.sk\/en\/skoda-fabia-rally2-evo-slovenskeho-xiqio-racing-teamu-vitazi-na-salgo-rally\/"},"wordCount":351,"commentCount":0,"publisher":{"@id":"https:\/\/xiqioracing.sk\/en\/#organization"},"inLanguage":"en-US","potentialAction":[{"@type":"CommentAction","name":"Comment","target":["https:\/\/xiqioracing.sk\/en\/skoda-fabia-rally2-evo-slovenskeho-xiqio-racing-teamu-vitazi-na-salgo-rally\/#respond"]}]},{"@type":"WebPage","@id":"https:\/\/xiqioracing.sk\/en\/skoda-fabia-rally2-evo-slovenskeho-xiqio-racing-teamu-vitazi-na-salgo-rally\/","url":"https:\/\/xiqioracing.sk\/en\/skoda-fabia-rally2-evo-slovenskeho-xiqio-racing-teamu-vitazi-na-salgo-rally\/","name":"\u0160koda Fabia Rally2 evo slovensk\u00e9ho XIQIO Racing Teamu v\u00ed\u0165az\u00ed na Salg\u00f3 Rally - XIQIO Racing","isPartOf":{"@id":"https:\/\/xiqioracing.sk\/en\/#website"},"datePublished":"2024-02-23T13:50:48+00:00","dateModified":"2024-02-23T15:31:33+00:00","breadcrumb":{"@id":"https:\/\/xiqioracing.sk\/en\/skoda-fabia-rally2-evo-slovenskeho-xiqio-racing-teamu-vitazi-na-salgo-rally\/#breadcrumb"},"inLanguage":"en-US","potentialAction":[{"@type":"ReadAction","target":["https:\/\/xiqioracing.sk\/en\/skoda-fabia-rally2-evo-slovenskeho-xiqio-racing-teamu-vitazi-na-salgo-rally\/"]}]},{"@type":"BreadcrumbList","@id":"https:\/\/xiqioracing.sk\/en\/skoda-fabia-rally2-evo-slovenskeho-xiqio-racing-teamu-vitazi-na-salgo-rally\/#breadcrumb","itemListElement":[{"@type":"ListItem","position":1,"name":"Domovsk\u00e1 str\u00e1nka","item":"https:\/\/xiqioracing.sk\/en\/"},{"@type":"ListItem","position":2,"name":"\u0160koda Fabia Rally2 evo slovensk\u00e9ho XIQIO Racing Teamu v\u00ed\u0165az\u00ed na Salg\u00f3 Rally"}]},{"@type":"WebSite","@id":"https:\/\/xiqioracing.sk\/en\/#website","url":"https:\/\/xiqioracing.sk\/en\/","name":"XIQIO Racing","description":"","publisher":{"@id":"https:\/\/xiqioracing.sk\/en\/#organization"},"potentialAction":[{"@type":"SearchAction","target":{"@type":"EntryPoint","urlTemplate":"https:\/\/xiqioracing.sk\/en\/?s={search_term_string}"},"query-input":"required name=search_term_string"}],"inLanguage":"en-US"},{"@type":"Organization","@id":"https:\/\/xiqioracing.sk\/en\/#organization","name":"XIQIO Racing","url":"https:\/\/xiqioracing.sk\/en\/","logo":{"@type":"ImageObject","inLanguage":"en-US","@id":"https:\/\/xiqioracing.sk\/en\/#\/schema\/logo\/image\/","url":"https:\/\/xiqioracing.sk\/wp-content\/uploads\/2024\/02\/cropped-logo_x.png","contentUrl":"https:\/\/xiqioracing.sk\/wp-content\/uploads\/2024\/02\/cropped-logo_x.png","width":450,"height":150,"caption":"XIQIO Racing"},"image":{"@id":"https:\/\/xiqioracing.sk\/en\/#\/schema\/logo\/image\/"}},{"@type":"Person","@id":"https:\/\/xiqioracing.sk\/en\/#\/schema\/person\/f09b7fb258cf45e7f3a13cfb604ced0c","name":"mmajlath","image":{"@type":"ImageObject","inLanguage":"en-US","@id":"https:\/\/xiqioracing.sk\/en\/#\/schema\/person\/image\/","url":"https:\/\/secure.gravatar.com\/avatar\/277450cf2ad3e1bfb3161e04cabacf85b0b66fc6054c75b2245252fea3ee4456?s=96&d=mm&r=g","contentUrl":"https:\/\/secure.gravatar.com\/avatar\/277450cf2ad3e1bfb3161e04cabacf85b0b66fc6054c75b2245252fea3ee4456?s=96&d=mm&r=g","caption":"mmajlath"},"sameAs":["https:\/\/xiqioracing.sk"],"url":"https:\/\/xiqioracing.sk\/en\/author\/mmajlath\/"}]}},"_links":{"self":[{"href":"https:\/\/xiqioracing.sk\/en\/wp-json\/wp\/v2\/posts\/264","targetHints":{"allow":["GET"]}}],"collection":[{"href":"https:\/\/xiqioracing.sk\/en\/wp-json\/wp\/v2\/posts"}],"about":[{"href":"https:\/\/xiqioracing.sk\/en\/wp-json\/wp\/v2\/types\/post"}],"author":[{"embeddable":true,"href":"https:\/\/xiqioracing.sk\/en\/wp-json\/wp\/v2\/users\/1"}],"replies":[{"embeddable":true,"href":"https:\/\/xiqioracing.sk\/en\/wp-json\/wp\/v2\/comments?post=264"}],"version-history":[{"count":1,"href":"https:\/\/xiqioracing.sk\/en\/wp-json\/wp\/v2\/posts\/264\/revisions"}],"predecessor-version":[{"id":266,"href":"https:\/\/xiqioracing.sk\/en\/wp-json\/wp\/v2\/posts\/264\/revisions\/266"}],"wp:featuredmedia":[{"embeddable":true,"href":"https:\/\/xiqioracing.sk\/en\/wp-json\/wp\/v2\/media\/265"}],"wp:attachment":[{"href":"https:\/\/xiqioracing.sk\/en\/wp-json\/wp\/v2\/media?parent=264"}],"wp:term":[{"taxonomy":"category","embeddable":true,"href":"https:\/\/xiqioracing.sk\/en\/wp-json\/wp\/v2\/categories?post=264"},{"taxonomy":"post_tag","embeddable":true,"href":"https:\/\/xiqioracing.sk\/en\/wp-json\/wp\/v2\/tags?post=264"}],"curies":[{"name":"wp","href":"https:\/\/api.w.org\/{rel}","templated":true}]}}