{"id":841,"date":"2024-04-16T08:39:39","date_gmt":"2024-04-16T07:39:39","guid":{"rendered":"https:\/\/xiqioracing.sk\/?p=841"},"modified":"2024-04-16T08:39:41","modified_gmt":"2024-04-16T07:39:41","slug":"xiqio-racing-team-vyraza-so-skodou-fabia-rally2-evo-do-polskej-wieliczki","status":"publish","type":"post","link":"https:\/\/xiqioracing.sk\/en\/xiqio-racing-team-vyraza-so-skodou-fabia-rally2-evo-do-polskej-wieliczki\/","title":{"rendered":"XIQIO Racing Team vyr\u00e1\u017ea so \u0160kodou Fabia Rally2 evo do po\u013eskej Wieliczki"},"content":{"rendered":"<p>ORLEN OIL 8. Rajd Memorial Junusza Kuliga i\u00a0Marian Bublewicza. Tak znie ofici\u00e1lny n\u00e1zov rally podujatia, ktor\u00e9 sa v\u00a0priebehu nadch\u00e1dzaj\u00faceho v\u00edkendu uskuto\u010dn\u00ed v\u00a0po\u013eskej Wieliczke.<br><br>Mesto Wieliczka je vzdialen\u00e9 iba nejak\u00fdch p\u00e4tn\u00e1s\u0165 kilometrov od centra Kr\u00e1\u013eovsk\u00e9ho hlavn\u00e9ho mesta Krakow. Toto pribli\u017ene dvadsa\u0165tis\u00edcov\u00e9 meste\u010dko sa presl\u00e1vilo svojimi so\u013en\u00fdmi ba\u0148ami, ktor\u00e9 s\u00fa zap\u00edsane aj do zoznamu Svetov\u00e9ho dedi\u010dstva UNESCO. V\u010faka nim je toto meste\u010dko zn\u00e1me po celom svete, pri\u010dom ho ka\u017edoro\u010dne nav\u0161t\u00edvi viac ako mili\u00f3n \u013eud\u00ed z\u00a0cel\u00e9ho sveta. Tak pr\u00e1ve sem vyr\u00e1\u017ea po\u010das nadch\u00e1dzaj\u00faceho v\u00edkendu aj slovensk\u00fd XIQIO Racing Team so svojou \u0160kodou Fabia Rally2 evo.<br><br>Za\u010diatok jari je vo Wieliczke u\u017e mnoho rokov spojen\u00fd s\u00a0rally podujat\u00edm. Ulice mesta sa zmenia na s\u00fa\u0165a\u017en\u00e9 trate na ktor\u00fdch sa kon\u00e1 jedine\u010dn\u00e1 s\u00fa\u0165a\u017e pod n\u00e1zvom Memori\u00e1l Janusza Kuliga a\u00a0Mariana Bublewicza. Z\u00e1merom tejto na kilometre krat\u0161ej, ale o\u00a0to popul\u00e1rnej\u0161ej s\u00fa\u0165a\u017ee je pripomen\u00fa\u0165 dvoch vynikaj\u00facich rally jazdcov, ktor\u00ed v\u00fdrazne prispeli k\u00a0rozvoju motoristick\u00e9ho \u0161portu v\u00a0Po\u013esku.<br><br>\u0160koda Fabia Rally2 evo pripravovan\u00e1 slovensk\u00fdm XIQIO Racing Teamom bude v\u00a0tomto pr\u00edpade robi\u0165 v\u00a0r\u00e1mci s\u00fa\u0165a\u017ee spolo\u010dnos\u0165 rovnako vynikaj\u00facej rally pos\u00e1dke, Michalovi Ratajczykovi a\u00a0J\u0229drzejovi Szcze\u015bniakowi. T\u00e1to po\u013esk\u00e1 rally pos\u00e1dka spolo\u010dne do s\u00fa\u0165a\u017en\u00fdch vozidiel usad\u00e1 u\u017e viac ako desa\u0165 rokov, pri\u010dom maj\u00fa za sebou mno\u017estvo \u0161tartov pr\u00e1ve na tak\u00fdchto exhibi\u010dn\u00fdch a\u00a0spomienkov\u00fdch s\u00fa\u0165a\u017eiach.<br><br><em>\u201eSom r\u00e1d, \u017ee sa na\u0161a \u0160koda Fabia Rally2 evo op\u00e4\u0165 uk\u00e1\u017ee na rally tratiach. Zimn\u00e1 prest\u00e1vka trvala nieko\u013eko mesiacov, pri\u010dom po\u010das nej sme kompletne zrepasovali na na\u0161om aute \u010do sa dalo. Auto bolo rozobran\u00e9 doslova do poslednej skrutky, karos\u00e9ria dostala nov\u00e9 \u0161aty a\u00a0ka\u017ed\u00e1 s\u00fa\u010diastka bola skontrolovan\u00e1 a\u00a0ak bolo treba, nahraden\u00e1 novou. Som presved\u010den\u00fd, \u017ee Michal s\u00a0J\u0229drzejom si s\u00fa\u0165a\u017e poriadne u\u017eij\u00fa,\u201c <\/em>zhodnotil Mari\u00e1n Mi\u010d\u00e1k, \u0161\u00e9f XIQIO Racing Teamu.<br><br>Memori\u00e1l Janusza Kuliga a\u00a0Mariana Bublewicza \u0161tartuje vo Wieliczke po\u010das soboty a\u00a0nedele (13. \u2013 14.4.2024). Organiz\u00e1tor pre takmer p\u00e4\u0165desiatku s\u00fa\u0165a\u017eiacich prichystal dvojetapov\u00fa s\u00fa\u0165a\u017e, ktor\u00e1 bude ma\u0165 celkovo dvan\u00e1s\u0165 r\u00fdchlostn\u00fdch sk\u00fa\u0161ok.<\/p>","protected":false},"excerpt":{"rendered":"<p>ORLEN OIL 8. Rajd Memorial Junusza Kuliga i\u00a0Marian Bublewicza. Tak znie ofici\u00e1lny n\u00e1zov rally podujatia, ktor\u00e9 sa v\u00a0priebehu nadch\u00e1dzaj\u00faceho v\u00edkendu [&hellip;]<\/p>","protected":false},"author":1,"featured_media":843,"comment_status":"open","ping_status":"open","sticky":false,"template":"","format":"standard","meta":{"site-sidebar-layout":"default","site-content-layout":"","ast-site-content-layout":"","site-content-style":"default","site-sidebar-style":"default","ast-global-header-display":"","ast-banner-title-visibility":"","ast-main-header-display":"","ast-hfb-above-header-display":"","ast-hfb-below-header-display":"","ast-hfb-mobile-header-display":"","site-post-title":"","ast-breadcrumbs-content":"","ast-featured-img":"","footer-sml-layout":"","theme-transparent-header-meta":"","adv-header-id-meta":"","stick-header-meta":"","header-above-stick-meta":"","header-main-stick-meta":"","header-below-stick-meta":"","astra-migrate-meta-layouts":"default","ast-page-background-enabled":"default","ast-page-background-meta":{"desktop":{"background-color":"var(--ast-global-color-4)","background-image":"","background-repeat":"repeat","background-position":"center center","background-size":"auto","background-attachment":"scroll","background-type":"","background-media":"","overlay-type":"","overlay-color":"","overlay-gradient":""},"tablet":{"background-color":"","background-image":"","background-repeat":"repeat","background-position":"center center","background-size":"auto","background-attachment":"scroll","background-type":"","background-media":"","overlay-type":"","overlay-color":"","overlay-gradient":""},"mobile":{"background-color":"","background-image":"","background-repeat":"repeat","background-position":"center center","background-size":"auto","background-attachment":"scroll","background-type":"","background-media":"","overlay-type":"","overlay-color":"","overlay-gradient":""}},"ast-content-background-meta":{"desktop":{"background-color":"var(--ast-global-color-5)","background-image":"","background-repeat":"repeat","background-position":"center center","background-size":"auto","background-attachment":"scroll","background-type":"","background-media":"","overlay-type":"","overlay-color":"","overlay-gradient":""},"tablet":{"background-color":"var(--ast-global-color-5)","background-image":"","background-repeat":"repeat","background-position":"center center","background-size":"auto","background-attachment":"scroll","background-type":"","background-media":"","overlay-type":"","overlay-color":"","overlay-gradient":""},"mobile":{"background-color":"var(--ast-global-color-5)","background-image":"","background-repeat":"repeat","background-position":"center center","background-size":"auto","background-attachment":"scroll","background-type":"","background-media":"","overlay-type":"","overlay-color":"","overlay-gradient":""}},"footnotes":""},"categories":[1],"tags":[],"class_list":["post-841","post","type-post","status-publish","format-standard","has-post-thumbnail","hentry","category-uncategorized"],"yoast_head":"<!-- This site is optimized with the Yoast SEO plugin v22.1 - https:\/\/yoast.com\/wordpress\/plugins\/seo\/ -->\n<title>XIQIO Racing Team vyr\u00e1\u017ea so \u0160kodou Fabia Rally2 evo do po\u013eskej Wieliczki - XIQIO Racing<\/title>\n<meta name=\"robots\" content=\"index, follow, max-snippet:-1, max-image-preview:large, max-video-preview:-1\" \/>\n<link rel=\"canonical\" href=\"https:\/\/xiqioracing.sk\/en\/xiqio-racing-team-vyraza-so-skodou-fabia-rally2-evo-do-polskej-wieliczki\/\" \/>\n<meta property=\"og:locale\" content=\"en_US\" \/>\n<meta property=\"og:type\" content=\"article\" \/>\n<meta property=\"og:title\" content=\"XIQIO Racing Team vyr\u00e1\u017ea so \u0160kodou Fabia Rally2 evo do po\u013eskej Wieliczki - XIQIO Racing\" \/>\n<meta property=\"og:description\" content=\"ORLEN OIL 8. Rajd Memorial Junusza Kuliga i\u00a0Marian Bublewicza. Tak znie ofici\u00e1lny n\u00e1zov rally podujatia, ktor\u00e9 sa v\u00a0priebehu nadch\u00e1dzaj\u00faceho v\u00edkendu [&hellip;]\" \/>\n<meta property=\"og:url\" content=\"https:\/\/xiqioracing.sk\/en\/xiqio-racing-team-vyraza-so-skodou-fabia-rally2-evo-do-polskej-wieliczki\/\" \/>\n<meta property=\"og:site_name\" content=\"XIQIO Racing\" \/>\n<meta property=\"article:published_time\" content=\"2024-04-16T07:39:39+00:00\" \/>\n<meta property=\"article:modified_time\" content=\"2024-04-16T07:39:41+00:00\" \/>\n<meta property=\"og:image\" content=\"https:\/\/xiqioracing.sk\/wp-content\/uploads\/2024\/04\/437017238_448702281062760_4139725602802951008_n.jpg\" \/>\n\t<meta property=\"og:image:width\" content=\"2048\" \/>\n\t<meta property=\"og:image:height\" content=\"1536\" \/>\n\t<meta property=\"og:image:type\" content=\"image\/jpeg\" \/>\n<meta name=\"author\" content=\"mmajlath\" \/>\n<meta name=\"twitter:card\" content=\"summary_large_image\" \/>\n<meta name=\"twitter:label1\" content=\"Written by\" \/>\n\t<meta name=\"twitter:data1\" content=\"mmajlath\" \/>\n\t<meta name=\"twitter:label2\" content=\"Est. reading time\" \/>\n\t<meta name=\"twitter:data2\" content=\"2 minutes\" \/>\n<script type=\"application\/ld+json\" class=\"yoast-schema-graph\">{\"@context\":\"https:\/\/schema.org\",\"@graph\":[{\"@type\":\"Article\",\"@id\":\"https:\/\/xiqioracing.sk\/xiqio-racing-team-vyraza-so-skodou-fabia-rally2-evo-do-polskej-wieliczki\/#article\",\"isPartOf\":{\"@id\":\"https:\/\/xiqioracing.sk\/xiqio-racing-team-vyraza-so-skodou-fabia-rally2-evo-do-polskej-wieliczki\/\"},\"author\":{\"name\":\"mmajlath\",\"@id\":\"https:\/\/xiqioracing.sk\/en\/#\/schema\/person\/f09b7fb258cf45e7f3a13cfb604ced0c\"},\"headline\":\"XIQIO Racing Team vyr\u00e1\u017ea so \u0160kodou Fabia Rally2 evo do po\u013eskej Wieliczki\",\"datePublished\":\"2024-04-16T07:39:39+00:00\",\"dateModified\":\"2024-04-16T07:39:41+00:00\",\"mainEntityOfPage\":{\"@id\":\"https:\/\/xiqioracing.sk\/xiqio-racing-team-vyraza-so-skodou-fabia-rally2-evo-do-polskej-wieliczki\/\"},\"wordCount\":432,\"commentCount\":0,\"publisher\":{\"@id\":\"https:\/\/xiqioracing.sk\/en\/#organization\"},\"inLanguage\":\"en-US\",\"potentialAction\":[{\"@type\":\"CommentAction\",\"name\":\"Comment\",\"target\":[\"https:\/\/xiqioracing.sk\/xiqio-racing-team-vyraza-so-skodou-fabia-rally2-evo-do-polskej-wieliczki\/#respond\"]}]},{\"@type\":\"WebPage\",\"@id\":\"https:\/\/xiqioracing.sk\/xiqio-racing-team-vyraza-so-skodou-fabia-rally2-evo-do-polskej-wieliczki\/\",\"url\":\"https:\/\/xiqioracing.sk\/xiqio-racing-team-vyraza-so-skodou-fabia-rally2-evo-do-polskej-wieliczki\/\",\"name\":\"XIQIO Racing Team vyr\u00e1\u017ea so \u0160kodou Fabia Rally2 evo do po\u013eskej Wieliczki - XIQIO Racing\",\"isPartOf\":{\"@id\":\"https:\/\/xiqioracing.sk\/en\/#website\"},\"datePublished\":\"2024-04-16T07:39:39+00:00\",\"dateModified\":\"2024-04-16T07:39:41+00:00\",\"breadcrumb\":{\"@id\":\"https:\/\/xiqioracing.sk\/xiqio-racing-team-vyraza-so-skodou-fabia-rally2-evo-do-polskej-wieliczki\/#breadcrumb\"},\"inLanguage\":\"en-US\",\"potentialAction\":[{\"@type\":\"ReadAction\",\"target\":[\"https:\/\/xiqioracing.sk\/xiqio-racing-team-vyraza-so-skodou-fabia-rally2-evo-do-polskej-wieliczki\/\"]}]},{\"@type\":\"BreadcrumbList\",\"@id\":\"https:\/\/xiqioracing.sk\/xiqio-racing-team-vyraza-so-skodou-fabia-rally2-evo-do-polskej-wieliczki\/#breadcrumb\",\"itemListElement\":[{\"@type\":\"ListItem\",\"position\":1,\"name\":\"Domovsk\u00e1 str\u00e1nka\",\"item\":\"https:\/\/xiqioracing.sk\/en\/\"},{\"@type\":\"ListItem\",\"position\":2,\"name\":\"XIQIO Racing Team vyr\u00e1\u017ea so \u0160kodou Fabia Rally2 evo do po\u013eskej Wieliczki\"}]},{\"@type\":\"WebSite\",\"@id\":\"https:\/\/xiqioracing.sk\/en\/#website\",\"url\":\"https:\/\/xiqioracing.sk\/en\/\",\"name\":\"XIQIO Racing\",\"description\":\"\",\"publisher\":{\"@id\":\"https:\/\/xiqioracing.sk\/en\/#organization\"},\"potentialAction\":[{\"@type\":\"SearchAction\",\"target\":{\"@type\":\"EntryPoint\",\"urlTemplate\":\"https:\/\/xiqioracing.sk\/en\/?s={search_term_string}\"},\"query-input\":\"required name=search_term_string\"}],\"inLanguage\":\"en-US\"},{\"@type\":\"Organization\",\"@id\":\"https:\/\/xiqioracing.sk\/en\/#organization\",\"name\":\"XIQIO Racing\",\"url\":\"https:\/\/xiqioracing.sk\/en\/\",\"logo\":{\"@type\":\"ImageObject\",\"inLanguage\":\"en-US\",\"@id\":\"https:\/\/xiqioracing.sk\/en\/#\/schema\/logo\/image\/\",\"url\":\"https:\/\/xiqioracing.sk\/wp-content\/uploads\/2024\/02\/cropped-logo_x.png\",\"contentUrl\":\"https:\/\/xiqioracing.sk\/wp-content\/uploads\/2024\/02\/cropped-logo_x.png\",\"width\":450,\"height\":150,\"caption\":\"XIQIO Racing\"},\"image\":{\"@id\":\"https:\/\/xiqioracing.sk\/en\/#\/schema\/logo\/image\/\"}},{\"@type\":\"Person\",\"@id\":\"https:\/\/xiqioracing.sk\/en\/#\/schema\/person\/f09b7fb258cf45e7f3a13cfb604ced0c\",\"name\":\"mmajlath\",\"image\":{\"@type\":\"ImageObject\",\"inLanguage\":\"en-US\",\"@id\":\"https:\/\/xiqioracing.sk\/en\/#\/schema\/person\/image\/\",\"url\":\"https:\/\/secure.gravatar.com\/avatar\/277450cf2ad3e1bfb3161e04cabacf85b0b66fc6054c75b2245252fea3ee4456?s=96&d=mm&r=g\",\"contentUrl\":\"https:\/\/secure.gravatar.com\/avatar\/277450cf2ad3e1bfb3161e04cabacf85b0b66fc6054c75b2245252fea3ee4456?s=96&d=mm&r=g\",\"caption\":\"mmajlath\"},\"sameAs\":[\"https:\/\/xiqioracing.sk\"],\"url\":\"https:\/\/xiqioracing.sk\/en\/author\/mmajlath\/\"}]}<\/script>\n<!-- \/ Yoast SEO plugin. -->","yoast_head_json":{"title":"XIQIO Racing Team vyr\u00e1\u017ea so \u0160kodou Fabia Rally2 evo do po\u013eskej Wieliczki - XIQIO Racing","robots":{"index":"index","follow":"follow","max-snippet":"max-snippet:-1","max-image-preview":"max-image-preview:large","max-video-preview":"max-video-preview:-1"},"canonical":"https:\/\/xiqioracing.sk\/en\/xiqio-racing-team-vyraza-so-skodou-fabia-rally2-evo-do-polskej-wieliczki\/","og_locale":"en_US","og_type":"article","og_title":"XIQIO Racing Team vyr\u00e1\u017ea so \u0160kodou Fabia Rally2 evo do po\u013eskej Wieliczki - XIQIO Racing","og_description":"ORLEN OIL 8. Rajd Memorial Junusza Kuliga i\u00a0Marian Bublewicza. Tak znie ofici\u00e1lny n\u00e1zov rally podujatia, ktor\u00e9 sa v\u00a0priebehu nadch\u00e1dzaj\u00faceho v\u00edkendu [&hellip;]","og_url":"https:\/\/xiqioracing.sk\/en\/xiqio-racing-team-vyraza-so-skodou-fabia-rally2-evo-do-polskej-wieliczki\/","og_site_name":"XIQIO Racing","article_published_time":"2024-04-16T07:39:39+00:00","article_modified_time":"2024-04-16T07:39:41+00:00","og_image":[{"width":2048,"height":1536,"url":"https:\/\/xiqioracing.sk\/wp-content\/uploads\/2024\/04\/437017238_448702281062760_4139725602802951008_n.jpg","type":"image\/jpeg"}],"author":"mmajlath","twitter_card":"summary_large_image","twitter_misc":{"Written by":"mmajlath","Est. reading time":"2 minutes"},"schema":{"@context":"https:\/\/schema.org","@graph":[{"@type":"Article","@id":"https:\/\/xiqioracing.sk\/xiqio-racing-team-vyraza-so-skodou-fabia-rally2-evo-do-polskej-wieliczki\/#article","isPartOf":{"@id":"https:\/\/xiqioracing.sk\/xiqio-racing-team-vyraza-so-skodou-fabia-rally2-evo-do-polskej-wieliczki\/"},"author":{"name":"mmajlath","@id":"https:\/\/xiqioracing.sk\/en\/#\/schema\/person\/f09b7fb258cf45e7f3a13cfb604ced0c"},"headline":"XIQIO Racing Team vyr\u00e1\u017ea so \u0160kodou Fabia Rally2 evo do po\u013eskej Wieliczki","datePublished":"2024-04-16T07:39:39+00:00","dateModified":"2024-04-16T07:39:41+00:00","mainEntityOfPage":{"@id":"https:\/\/xiqioracing.sk\/xiqio-racing-team-vyraza-so-skodou-fabia-rally2-evo-do-polskej-wieliczki\/"},"wordCount":432,"commentCount":0,"publisher":{"@id":"https:\/\/xiqioracing.sk\/en\/#organization"},"inLanguage":"en-US","potentialAction":[{"@type":"CommentAction","name":"Comment","target":["https:\/\/xiqioracing.sk\/xiqio-racing-team-vyraza-so-skodou-fabia-rally2-evo-do-polskej-wieliczki\/#respond"]}]},{"@type":"WebPage","@id":"https:\/\/xiqioracing.sk\/xiqio-racing-team-vyraza-so-skodou-fabia-rally2-evo-do-polskej-wieliczki\/","url":"https:\/\/xiqioracing.sk\/xiqio-racing-team-vyraza-so-skodou-fabia-rally2-evo-do-polskej-wieliczki\/","name":"XIQIO Racing Team vyr\u00e1\u017ea so \u0160kodou Fabia Rally2 evo do po\u013eskej Wieliczki - XIQIO Racing","isPartOf":{"@id":"https:\/\/xiqioracing.sk\/en\/#website"},"datePublished":"2024-04-16T07:39:39+00:00","dateModified":"2024-04-16T07:39:41+00:00","breadcrumb":{"@id":"https:\/\/xiqioracing.sk\/xiqio-racing-team-vyraza-so-skodou-fabia-rally2-evo-do-polskej-wieliczki\/#breadcrumb"},"inLanguage":"en-US","potentialAction":[{"@type":"ReadAction","target":["https:\/\/xiqioracing.sk\/xiqio-racing-team-vyraza-so-skodou-fabia-rally2-evo-do-polskej-wieliczki\/"]}]},{"@type":"BreadcrumbList","@id":"https:\/\/xiqioracing.sk\/xiqio-racing-team-vyraza-so-skodou-fabia-rally2-evo-do-polskej-wieliczki\/#breadcrumb","itemListElement":[{"@type":"ListItem","position":1,"name":"Domovsk\u00e1 str\u00e1nka","item":"https:\/\/xiqioracing.sk\/en\/"},{"@type":"ListItem","position":2,"name":"XIQIO Racing Team vyr\u00e1\u017ea so \u0160kodou Fabia Rally2 evo do po\u013eskej Wieliczki"}]},{"@type":"WebSite","@id":"https:\/\/xiqioracing.sk\/en\/#website","url":"https:\/\/xiqioracing.sk\/en\/","name":"XIQIO Racing","description":"","publisher":{"@id":"https:\/\/xiqioracing.sk\/en\/#organization"},"potentialAction":[{"@type":"SearchAction","target":{"@type":"EntryPoint","urlTemplate":"https:\/\/xiqioracing.sk\/en\/?s={search_term_string}"},"query-input":"required name=search_term_string"}],"inLanguage":"en-US"},{"@type":"Organization","@id":"https:\/\/xiqioracing.sk\/en\/#organization","name":"XIQIO Racing","url":"https:\/\/xiqioracing.sk\/en\/","logo":{"@type":"ImageObject","inLanguage":"en-US","@id":"https:\/\/xiqioracing.sk\/en\/#\/schema\/logo\/image\/","url":"https:\/\/xiqioracing.sk\/wp-content\/uploads\/2024\/02\/cropped-logo_x.png","contentUrl":"https:\/\/xiqioracing.sk\/wp-content\/uploads\/2024\/02\/cropped-logo_x.png","width":450,"height":150,"caption":"XIQIO Racing"},"image":{"@id":"https:\/\/xiqioracing.sk\/en\/#\/schema\/logo\/image\/"}},{"@type":"Person","@id":"https:\/\/xiqioracing.sk\/en\/#\/schema\/person\/f09b7fb258cf45e7f3a13cfb604ced0c","name":"mmajlath","image":{"@type":"ImageObject","inLanguage":"en-US","@id":"https:\/\/xiqioracing.sk\/en\/#\/schema\/person\/image\/","url":"https:\/\/secure.gravatar.com\/avatar\/277450cf2ad3e1bfb3161e04cabacf85b0b66fc6054c75b2245252fea3ee4456?s=96&d=mm&r=g","contentUrl":"https:\/\/secure.gravatar.com\/avatar\/277450cf2ad3e1bfb3161e04cabacf85b0b66fc6054c75b2245252fea3ee4456?s=96&d=mm&r=g","caption":"mmajlath"},"sameAs":["https:\/\/xiqioracing.sk"],"url":"https:\/\/xiqioracing.sk\/en\/author\/mmajlath\/"}]}},"_links":{"self":[{"href":"https:\/\/xiqioracing.sk\/en\/wp-json\/wp\/v2\/posts\/841","targetHints":{"allow":["GET"]}}],"collection":[{"href":"https:\/\/xiqioracing.sk\/en\/wp-json\/wp\/v2\/posts"}],"about":[{"href":"https:\/\/xiqioracing.sk\/en\/wp-json\/wp\/v2\/types\/post"}],"author":[{"embeddable":true,"href":"https:\/\/xiqioracing.sk\/en\/wp-json\/wp\/v2\/users\/1"}],"replies":[{"embeddable":true,"href":"https:\/\/xiqioracing.sk\/en\/wp-json\/wp\/v2\/comments?post=841"}],"version-history":[{"count":1,"href":"https:\/\/xiqioracing.sk\/en\/wp-json\/wp\/v2\/posts\/841\/revisions"}],"predecessor-version":[{"id":844,"href":"https:\/\/xiqioracing.sk\/en\/wp-json\/wp\/v2\/posts\/841\/revisions\/844"}],"wp:featuredmedia":[{"embeddable":true,"href":"https:\/\/xiqioracing.sk\/en\/wp-json\/wp\/v2\/media\/843"}],"wp:attachment":[{"href":"https:\/\/xiqioracing.sk\/en\/wp-json\/wp\/v2\/media?parent=841"}],"wp:term":[{"taxonomy":"category","embeddable":true,"href":"https:\/\/xiqioracing.sk\/en\/wp-json\/wp\/v2\/categories?post=841"},{"taxonomy":"post_tag","embeddable":true,"href":"https:\/\/xiqioracing.sk\/en\/wp-json\/wp\/v2\/tags?post=841"}],"curies":[{"name":"wp","href":"https:\/\/api.w.org\/{rel}","templated":true}]}}